{"id":11435,"date":"2016-04-19T16:38:15","date_gmt":"2016-04-19T19:38:15","guid":{"rendered":"http:\/\/jornalcontato.com.br\/home\/?p=11435"},"modified":"2016-04-20T00:21:29","modified_gmt":"2016-04-20T03:21:29","slug":"abertura-da-64a-semana-monteiro-lobato","status":"publish","type":"post","link":"https:\/\/www.jornalcontato.com.br\/home\/index.php\/abertura-da-64a-semana-monteiro-lobato\/","title":{"rendered":"Abertura da 64\u00aa Semana Monteiro Lobato"},"content":{"rendered":"<p style=\"text-align: left;\" align=\"center\"><em>Mem\u00f3ria na literatura foi tema da primeira palestra da <\/em><em>semana que homenageia Lobato, proferida pelo professor Jos\u00e9 Carlos Sebe Bom Meihy, um dos mais respeitados especialistas em hist\u00f3ria oral do Brasil<!--more--><\/em><\/p>\n<p>\u00a0<em>por Paulo de Tarso Venceslau e\u00a0Nath\u00e1lia de Oliveira<\/em><\/p>\n<p>&nbsp;<\/p>\n<p>A esperada 64\u00aa Semana Monteiro Lobato foi aberta por um dos mais importantes especialistas em hist\u00f3ria oral, Jos\u00e9 Carlos Sebe Bom Meihy, respeitado por estudiosos de todo o mundo. A oficina cultural que teve como tema a obra do homenageado aconteceu na tarde de segunda-feira, 15, no Teatro Metr\u00f3pole, com uma palestra intitulada \u201cTempo de Mem\u00f3ria\/ Mem\u00f3ria de Em\u00edlia\u201d.<\/p>\n<p>Sebe destacou a import\u00e2ncia da literatura, principalmente da obra de Monteiro Lobato, para a manuten\u00e7\u00e3o da mem\u00f3ria nos tempos atuais. Frisou a import\u00e2ncia da literatura de Lobato na crise pol\u00edtica e econ\u00f4mica que o Brasil vive atualmente. \u201cImport\u00e2ncia total. Seria em qualquer situa\u00e7\u00e3o, mas muito mais agora. A literatura de Lobato para crian\u00e7a alarga o horizonte de liberdade, de pensar, de contesta\u00e7\u00e3o\u201d, explica o palestrante, para quem \u201ca gente vive um mundo em que limita muito o criar\u201d.<\/p>\n<p>O Teatro Metr\u00f3pole estava lotado. Havia, inclusive, pessoas sentadas no ch\u00e3o por falta de lugar. A explica\u00e7\u00e3o mais vis\u00edvel foi a presen\u00e7a maci\u00e7a, por\u00e9m obrigat\u00f3ria, dos professores da rede municipal de ensino, comprovada por uma lista passada pela coordenadora da palestra para que a assinassem. Esse detalhe em nada compromete o sucesso da palestra muito elogiada pelos professores.<\/p>\n<p>Ap\u00f3s evento, de forma discreta e acanhada, Sebe fez doa\u00e7\u00e3o p\u00fablica de desenhos e gravuras produzidos por Lobato. Infelizmente, poucos puderam testemunhar e admirar um lado pouco conhecido de nosso escritor maior.<\/p>\n<p>&nbsp;<\/p>\n<div id=\"attachment_11437\" style=\"width: 450px\" class=\"wp-caption aligncenter\"><img loading=\"lazy\" decoding=\"async\" aria-describedby=\"caption-attachment-11437\" class=\"size-large wp-image-11437\" title=\"Sebe, acompanhado da professora Raquel Duarte Abdalla da UNITAU, recebe homenagem ap\u00f3s a palestra\" src=\"http:\/\/jornalcontato.com.br\/home\/wp-content\/uploads\/2016\/04\/DSC_0043-450x299.jpg\" alt=\"Sebe, acompanhado da professora Raquel Duarte Abdalla da UNITAU, recebe homenagem ap\u00f3s a palestra\" width=\"450\" height=\"299\" srcset=\"https:\/\/jornalcontato.com.br\/home\/wp-content\/uploads\/2016\/04\/DSC_0043-450x299.jpg 450w, https:\/\/jornalcontato.com.br\/home\/wp-content\/uploads\/2016\/04\/DSC_0043-300x199.jpg 300w, https:\/\/jornalcontato.com.br\/home\/wp-content\/uploads\/2016\/04\/DSC_0043.jpg 650w\" sizes=\"auto, (max-width: 450px) 100vw, 450px\" \/><p id=\"caption-attachment-11437\" class=\"wp-caption-text\">Sebe, acompanhado da professora Raquel Duarte Abdalla da UNITAU, recebe homenagem ap\u00f3s a palestra<\/p><\/div>\n<div id=\"attachment_11438\" style=\"width: 450px\" class=\"wp-caption aligncenter\"><img loading=\"lazy\" decoding=\"async\" aria-describedby=\"caption-attachment-11438\" class=\"size-large wp-image-11438\" title=\"Professores lotaram Teatro Metr\u00f3pole para ouvir Jos\u00e9 Carlos Sebe \" src=\"http:\/\/jornalcontato.com.br\/home\/wp-content\/uploads\/2016\/04\/DSC_0010-450x299.jpg\" alt=\"Professores lotaram Teatro Metr\u00f3pole para ouvir Jos\u00e9 Carlos Sebe \" width=\"450\" height=\"299\" srcset=\"https:\/\/jornalcontato.com.br\/home\/wp-content\/uploads\/2016\/04\/DSC_0010-450x299.jpg 450w, https:\/\/jornalcontato.com.br\/home\/wp-content\/uploads\/2016\/04\/DSC_0010-300x199.jpg 300w, https:\/\/jornalcontato.com.br\/home\/wp-content\/uploads\/2016\/04\/DSC_0010.jpg 650w\" sizes=\"auto, (max-width: 450px) 100vw, 450px\" \/><p id=\"caption-attachment-11438\" class=\"wp-caption-text\">Professores lotaram Teatro Metr\u00f3pole para ouvir Jos\u00e9 Carlos Sebe<\/p><\/div>\n<p>&nbsp;<\/p>\n<div id=\"attachment_11439\" style=\"width: 450px\" class=\"wp-caption aligncenter\"><img loading=\"lazy\" decoding=\"async\" aria-describedby=\"caption-attachment-11439\" class=\"size-large wp-image-11439\" title=\"Sebe, rodeado por Tina Lopes (coordenadora do S\u00edtio) e Martha Serra (secret\u00e1ria de Cultura), entregou uma cole\u00e7\u00e3o de desenhos e gravuras de Monteiro Lobato para o acervo da cidade\" src=\"http:\/\/jornalcontato.com.br\/home\/wp-content\/uploads\/2016\/04\/sebe-450x299.jpg\" alt=\"Sebe, rodeado por Tina Lopes (coordenadora do S\u00edtio) e Martha Serra (secret\u00e1ria de Cultura), entregou uma cole\u00e7\u00e3o de desenhos e gravuras de Monteiro Lobato para o acervo da cidade\" width=\"450\" height=\"299\" srcset=\"https:\/\/jornalcontato.com.br\/home\/wp-content\/uploads\/2016\/04\/sebe-450x299.jpg 450w, https:\/\/jornalcontato.com.br\/home\/wp-content\/uploads\/2016\/04\/sebe-300x199.jpg 300w, https:\/\/jornalcontato.com.br\/home\/wp-content\/uploads\/2016\/04\/sebe.jpg 650w\" sizes=\"auto, (max-width: 450px) 100vw, 450px\" \/><p id=\"caption-attachment-11439\" class=\"wp-caption-text\">Sebe, rodeado por Tina Lopes (coordenadora do S\u00edtio) e Martha Serra (secret\u00e1ria de Cultura), entregou uma cole\u00e7\u00e3o de desenhos e gravuras de Monteiro Lobato para o acervo da cidade. (foto: Nicole Don\u00e1)<\/p><\/div>\n<p>&nbsp;<\/p>\n<div id=\"attachment_11440\" style=\"width: 450px\" class=\"wp-caption aligncenter\"><img loading=\"lazy\" decoding=\"async\" aria-describedby=\"caption-attachment-11440\" class=\"size-large wp-image-11440\" title=\"Ilustra\u00e7\u00f5es mostram algumas cenas dos livros de Monteiro Lobato\" src=\"http:\/\/jornalcontato.com.br\/home\/wp-content\/uploads\/2016\/04\/sebe_2-450x299.jpg\" alt=\"Ilustra\u00e7\u00f5es mostram algumas cenas dos livros de Monteiro Lobato\" width=\"450\" height=\"299\" srcset=\"https:\/\/jornalcontato.com.br\/home\/wp-content\/uploads\/2016\/04\/sebe_2-450x299.jpg 450w, https:\/\/jornalcontato.com.br\/home\/wp-content\/uploads\/2016\/04\/sebe_2-300x199.jpg 300w, https:\/\/jornalcontato.com.br\/home\/wp-content\/uploads\/2016\/04\/sebe_2.jpg 650w\" sizes=\"auto, (max-width: 450px) 100vw, 450px\" \/><p id=\"caption-attachment-11440\" class=\"wp-caption-text\">Ilustra\u00e7\u00f5es mostram algumas cenas dos livros de Monteiro Lobato.\u00a0(foto: Nicole Don\u00e1)<\/p><\/div>\n<p>&nbsp;<\/p>\n<div id=\"attachment_11441\" style=\"width: 450px\" class=\"wp-caption aligncenter\"><img loading=\"lazy\" decoding=\"async\" aria-describedby=\"caption-attachment-11441\" class=\"size-large wp-image-11441\" title=\"A doa\u00e7\u00e3o foi celebrada com uma placa comemorativa\" src=\"http:\/\/jornalcontato.com.br\/home\/wp-content\/uploads\/2016\/04\/sebe_5-450x299.jpg\" alt=\"A doa\u00e7\u00e3o foi celebrada com uma placa comemorativa\" width=\"450\" height=\"299\" srcset=\"https:\/\/jornalcontato.com.br\/home\/wp-content\/uploads\/2016\/04\/sebe_5-450x299.jpg 450w, https:\/\/jornalcontato.com.br\/home\/wp-content\/uploads\/2016\/04\/sebe_5-300x199.jpg 300w, https:\/\/jornalcontato.com.br\/home\/wp-content\/uploads\/2016\/04\/sebe_5.jpg 650w\" sizes=\"auto, (max-width: 450px) 100vw, 450px\" \/><p id=\"caption-attachment-11441\" class=\"wp-caption-text\">A doa\u00e7\u00e3o foi celebrada com uma placa comemorativa.\u00a0(foto: Nicole Don\u00e1)<\/p><\/div>\n<p>&nbsp;<\/p>\n<p><strong>Show dos Cantautores de Ilhona no Matr\u00f3pole<\/strong><\/p>\n<p>Prestigiado pelo cantor e compositor Renato Teixeira, os organizadores da Semana realizaram um espet\u00e1culo de abertura com a banda Cantautores de Ilhona formado porTeteco dos Anjos (voz), Toninho Mattos (viol\u00e3o) e Jo\u00e3o de Oliveira (guitarra) com os convidados S\u00e9rgio Janicki (violino), Vin\u00edcius Pereira (baixo) e F\u00e1bio Machado (bateria).<\/p>\n<p>&nbsp;<\/p>\n<blockquote class=\"instagram-media\" style=\"background: #FFF; border: 0; border-radius: 3px; box-shadow: 0 0 1px 0 rgba(0,0,0,0.5),0 1px 10px 0 rgba(0,0,0,0.15); margin: 1px; max-width: 658px; padding: 0; width: calc(100% - 2px);\" data-instgrm-version=\"6\">\n<div style=\"padding: 8px;\">\n<div style=\"background: #F8F8F8; line-height: 0; margin-top: 40px; padding: 50.0% 0; text-align: center; width: 100%;\"><\/div>\n<p style=\"color: #c9c8cd; font-family: Arial,sans-serif; font-size: 14px; line-height: 17px; margin-bottom: 0; margin-top: 8px; overflow: hidden; padding: 8px 0 7px; text-align: center; text-overflow: ellipsis; white-space: nowrap;\"><a style=\"color: #c9c8cd; font-family: Arial,sans-serif; font-size: 14px; font-style: normal; font-weight: normal; line-height: 17px; text-decoration: none;\" href=\"https:\/\/www.instagram.com\/p\/BEYhIj0DtqG\/\" target=\"_blank\">Um v\u00eddeo publicado por Nicole Don\u00e1 (@ni.dona)<\/a> em <time style=\"font-family: Arial,sans-serif; font-size: 14px; line-height: 17px;\" datetime=\"2016-04-19T13:13:07+00:00\">Abr 19, 2016 \u00e0s 6:13 PDT<\/time><\/p>\n<\/div>\n<\/blockquote>\n<p><script type=\"text\/javascript\" src=\"\/\/platform.instagram.com\/en_US\/embeds.js\" defer=\"defer\"><\/script><br \/>\nA empolgante exibi\u00e7\u00e3o levantou o p\u00fablico que dan\u00e7ou e acompanhou com palmas o balan\u00e7o moderno das m\u00fasicas, quase todas autorais.<\/p>\n<p>A semana de comemora\u00e7\u00e3o ao Monteiro Lobato continua com diversas atividades no Taubat\u00e9 Shopping e tamb\u00e9m no Museu Hist\u00f3rico, folcl\u00f3rico e pedag\u00f3gico Monteiro Lobato. Confira mais no site do <a href=\"http:\/\/www.almanaqueurupes.com.br\/portal\/\" target=\"_blank\">Almanaque Urup\u00eas<\/a>.<\/p>\n<p>&nbsp;<\/p>\n<div id=\"attachment_11446\" style=\"width: 450px\" class=\"wp-caption aligncenter\"><img loading=\"lazy\" decoding=\"async\" aria-describedby=\"caption-attachment-11446\" class=\"size-large wp-image-11446\" title=\"Tina Lopes comandou a entrega simb\u00f3lica das doa\u00e7\u00f5es do professor Jos\u00e9 Carlos Sebe, representado pelo filho Felipe, acompanhada de Martha Serra e personagens do S\u00edtio do PicaPau\" src=\"http:\/\/jornalcontato.com.br\/home\/wp-content\/uploads\/2016\/04\/IMG_0009-450x299.jpg\" alt=\"Tina Lopes comandou a entrega simb\u00f3lica das doa\u00e7\u00f5es do professor Jos\u00e9 Carlos Sebe, representado pelo filho Felipe, acompanhada de Martha Serra e personagens do S\u00edtio do PicaPau\" width=\"450\" height=\"299\" srcset=\"https:\/\/jornalcontato.com.br\/home\/wp-content\/uploads\/2016\/04\/IMG_0009-450x299.jpg 450w, https:\/\/jornalcontato.com.br\/home\/wp-content\/uploads\/2016\/04\/IMG_0009-300x199.jpg 300w, https:\/\/jornalcontato.com.br\/home\/wp-content\/uploads\/2016\/04\/IMG_0009.jpg 650w\" sizes=\"auto, (max-width: 450px) 100vw, 450px\" \/><p id=\"caption-attachment-11446\" class=\"wp-caption-text\">Tina Lopes comandou a entrega simb\u00f3lica das doa\u00e7\u00f5es do professor Jos\u00e9 Carlos Sebe, representado pelo filho Felipe, acompanhada de Martha Serra e personagens do S\u00edtio do PicaPau<\/p><\/div>\n<p>&nbsp;<\/p>\n<div id=\"attachment_11442\" style=\"width: 450px\" class=\"wp-caption aligncenter\"><img loading=\"lazy\" decoding=\"async\" aria-describedby=\"caption-attachment-11442\" class=\"size-large wp-image-11442\" title=\"Teteco dos Anjos, no vocal, n\u00e3o conteve a empolga\u00e7\u00e3o pelo reencontro do grupo\" src=\"http:\/\/jornalcontato.com.br\/home\/wp-content\/uploads\/2016\/04\/IMG_0014-450x299.jpg\" alt=\"Teteco dos Anjos, no vocal, n\u00e3o conteve a empolga\u00e7\u00e3o pelo reencontro do grupo\" width=\"450\" height=\"299\" srcset=\"https:\/\/jornalcontato.com.br\/home\/wp-content\/uploads\/2016\/04\/IMG_0014-450x299.jpg 450w, https:\/\/jornalcontato.com.br\/home\/wp-content\/uploads\/2016\/04\/IMG_0014-300x199.jpg 300w, https:\/\/jornalcontato.com.br\/home\/wp-content\/uploads\/2016\/04\/IMG_0014.jpg 650w\" sizes=\"auto, (max-width: 450px) 100vw, 450px\" \/><p id=\"caption-attachment-11442\" class=\"wp-caption-text\">Teteco dos Anjos, no vocal, n\u00e3o conteve a empolga\u00e7\u00e3o pelo reencontro do grupo<\/p><\/div>\n<p>&nbsp;<\/p>\n<div id=\"attachment_11443\" style=\"width: 300px\" class=\"wp-caption aligncenter\"><img loading=\"lazy\" decoding=\"async\" aria-describedby=\"caption-attachment-11443\" class=\"size-large wp-image-11443\" title=\"Renato Teixeira elogiou os m\u00fasicos antes do show come\u00e7ar\" src=\"http:\/\/jornalcontato.com.br\/home\/wp-content\/uploads\/2016\/04\/IMG_0011-300x450.jpg\" alt=\"Renato Teixeira elogiou os m\u00fasicos antes do show come\u00e7ar\" width=\"300\" height=\"450\" srcset=\"https:\/\/jornalcontato.com.br\/home\/wp-content\/uploads\/2016\/04\/IMG_0011-300x450.jpg 300w, https:\/\/jornalcontato.com.br\/home\/wp-content\/uploads\/2016\/04\/IMG_0011-200x300.jpg 200w, https:\/\/jornalcontato.com.br\/home\/wp-content\/uploads\/2016\/04\/IMG_0011.jpg 650w\" sizes=\"auto, (max-width: 300px) 100vw, 300px\" \/><p id=\"caption-attachment-11443\" class=\"wp-caption-text\">Renato Teixeira elogiou os m\u00fasicos antes do show come\u00e7ar<\/p><\/div>\n<p>&nbsp;<\/p>\n<div id=\"attachment_11444\" style=\"width: 300px\" class=\"wp-caption aligncenter\"><img loading=\"lazy\" decoding=\"async\" aria-describedby=\"caption-attachment-11444\" class=\"size-large wp-image-11444\" title=\"Renato Teixeira acompanhado por Maria\" src=\"http:\/\/jornalcontato.com.br\/home\/wp-content\/uploads\/2016\/04\/IMG_0008-300x450.jpg\" alt=\"Renato Teixeira acompanhado por Maria\" width=\"300\" height=\"450\" srcset=\"https:\/\/jornalcontato.com.br\/home\/wp-content\/uploads\/2016\/04\/IMG_0008-300x450.jpg 300w, https:\/\/jornalcontato.com.br\/home\/wp-content\/uploads\/2016\/04\/IMG_0008-200x300.jpg 200w, https:\/\/jornalcontato.com.br\/home\/wp-content\/uploads\/2016\/04\/IMG_0008.jpg 650w\" sizes=\"auto, (max-width: 300px) 100vw, 300px\" \/><p id=\"caption-attachment-11444\" class=\"wp-caption-text\">Renato Teixeira acompanhado por Maria<\/p><\/div>\n<p>&nbsp;<\/p>\n<div id=\"attachment_11445\" style=\"width: 450px\" class=\"wp-caption aligncenter\"><img loading=\"lazy\" decoding=\"async\" aria-describedby=\"caption-attachment-11445\" class=\"size-large wp-image-11445\" title=\"Andr\u00e9 Saiki e Valqu\u00edria com Renato Teixeira e Maria ap\u00f3s o espet\u00e1culo\" src=\"http:\/\/jornalcontato.com.br\/home\/wp-content\/uploads\/2016\/04\/IMG_0016-450x299.jpg\" alt=\"Andr\u00e9 Saiki e Valqu\u00edria com Renato Teixeira e Maria ap\u00f3s o espet\u00e1culo\" width=\"450\" height=\"299\" srcset=\"https:\/\/jornalcontato.com.br\/home\/wp-content\/uploads\/2016\/04\/IMG_0016-450x299.jpg 450w, https:\/\/jornalcontato.com.br\/home\/wp-content\/uploads\/2016\/04\/IMG_0016-300x199.jpg 300w, https:\/\/jornalcontato.com.br\/home\/wp-content\/uploads\/2016\/04\/IMG_0016.jpg 650w\" sizes=\"auto, (max-width: 450px) 100vw, 450px\" \/><p id=\"caption-attachment-11445\" class=\"wp-caption-text\">Andr\u00e9 Saiki e Valqu\u00edria com Renato Teixeira e Maria ap\u00f3s o espet\u00e1culo<\/p><\/div>\n","protected":false},"excerpt":{"rendered":"<p>Mem\u00f3ria na literatura foi tema da primeira palestra da semana que homenageia Lobato, proferida pelo professor Jos\u00e9 Carlos Sebe Bom Meihy, um dos mais respeitados &#8230;<\/p>\n","protected":false},"author":1,"featured_media":11436,"comment_status":"open","ping_status":"open","sticky":false,"template":"","format":"standard","meta":{"footnotes":""},"categories":[29,7],"tags":[],"class_list":["post-11435","post","type-post","status-publish","format-standard","has-post-thumbnail","hentry","category-regional","category-reportagem"],"_links":{"self":[{"href":"https:\/\/www.jornalcontato.com.br\/home\/index.php\/wp-json\/wp\/v2\/posts\/11435","targetHints":{"allow":["GET"]}}],"collection":[{"href":"https:\/\/www.jornalcontato.com.br\/home\/index.php\/wp-json\/wp\/v2\/posts"}],"about":[{"href":"https:\/\/www.jornalcontato.com.br\/home\/index.php\/wp-json\/wp\/v2\/types\/post"}],"author":[{"embeddable":true,"href":"https:\/\/www.jornalcontato.com.br\/home\/index.php\/wp-json\/wp\/v2\/users\/1"}],"replies":[{"embeddable":true,"href":"https:\/\/www.jornalcontato.com.br\/home\/index.php\/wp-json\/wp\/v2\/comments?post=11435"}],"version-history":[{"count":7,"href":"https:\/\/www.jornalcontato.com.br\/home\/index.php\/wp-json\/wp\/v2\/posts\/11435\/revisions"}],"predecessor-version":[{"id":11450,"href":"https:\/\/www.jornalcontato.com.br\/home\/index.php\/wp-json\/wp\/v2\/posts\/11435\/revisions\/11450"}],"wp:featuredmedia":[{"embeddable":true,"href":"https:\/\/www.jornalcontato.com.br\/home\/index.php\/wp-json\/wp\/v2\/media\/11436"}],"wp:attachment":[{"href":"https:\/\/www.jornalcontato.com.br\/home\/index.php\/wp-json\/wp\/v2\/media?parent=11435"}],"wp:term":[{"taxonomy":"category","embeddable":true,"href":"https:\/\/www.jornalcontato.com.br\/home\/index.php\/wp-json\/wp\/v2\/categories?post=11435"},{"taxonomy":"post_tag","embeddable":true,"href":"https:\/\/www.jornalcontato.com.br\/home\/index.php\/wp-json\/wp\/v2\/tags?post=11435"}],"curies":[{"name":"wp","href":"https:\/\/api.w.org\/{rel}","templated":true}]}}