{"id":11418,"date":"2016-04-19T11:53:21","date_gmt":"2016-04-19T14:53:21","guid":{"rendered":"http:\/\/jornalcontato.com.br\/home\/?p=11418"},"modified":"2016-04-19T12:26:36","modified_gmt":"2016-04-19T15:26:36","slug":"unitau-e-criticada-por-vereador","status":"publish","type":"post","link":"https:\/\/www.jornalcontato.com.br\/home\/index.php\/unitau-e-criticada-por-vereador\/","title":{"rendered":"Unitau \u00e9 criticada por vereador"},"content":{"rendered":"<p style=\"text-align: center;\" align=\"center\"><em>Vereador Jo\u00e3o Vidal (PSBB) critica a gest\u00e3o do or\u00e7amento da Universidade de Taubat\u00e9 e lembra que existe uma CPI instaurada para investigar a institui\u00e7\u00e3o<!--more--><\/em><\/p>\n<p><em>Por\u00a0\u00a0Nath\u00e1lia de Oliveira<\/em><\/p>\n<p>A qualidade da estrutura e do servi\u00e7o oferecida aos alunos da Unitau foi o foco da cr\u00edtica feita pelo vereador Jo\u00e3o Vidal durante a sess\u00e3o ordin\u00e1ria realizada na segunda-feira, 11, na C\u00e2mara Municipal. E concluiu afirmando que ir\u00e1 se \u201cdebru\u00e7ar\u201d mais sobre o assunto.<\/p>\n<p>&nbsp;<\/p>\n<div id=\"attachment_11423\" style=\"width: 450px\" class=\"wp-caption aligncenter\"><img loading=\"lazy\" decoding=\"async\" aria-describedby=\"caption-attachment-11423\" class=\"size-large wp-image-11423\" title=\"Vereador Jo\u00e3o Vidal\" src=\"http:\/\/jornalcontato.com.br\/home\/wp-content\/uploads\/2016\/04\/DSC_7207-450x299.jpg\" alt=\"Vereador Jo\u00e3o Vidal\" width=\"450\" height=\"299\" srcset=\"https:\/\/jornalcontato.com.br\/home\/wp-content\/uploads\/2016\/04\/DSC_7207-450x299.jpg 450w, https:\/\/jornalcontato.com.br\/home\/wp-content\/uploads\/2016\/04\/DSC_7207-300x199.jpg 300w, https:\/\/jornalcontato.com.br\/home\/wp-content\/uploads\/2016\/04\/DSC_7207.jpg 650w\" sizes=\"auto, (max-width: 450px) 100vw, 450px\" \/><p id=\"caption-attachment-11423\" class=\"wp-caption-text\">Vereador Jo\u00e3o Vidal<\/p><\/div>\n<p><strong>\u00a0<\/strong><\/p>\n<p><strong>Or\u00e7amento<\/strong><\/p>\n<p>\u201cCom um or\u00e7amento de R$220 milh\u00f5es de reais, eu temo que a Unitau esteja prestando um servi\u00e7o bem aqu\u00e9m de sua possibilidade\u201d, afirmou o vereador.<\/p>\n<p>Consultado, o reitor da Universidade Jos\u00e9 Rui Camargo respondeu que o or\u00e7amento \u00e9 votado e discutido pelos pr\u00f3prios parlamentares. \u201cO questionamento do tamanho do or\u00e7amento n\u00e3o cabe, pois foi previamente discutido [pelos vereadores] onde est\u00e3o discriminadas todas as receitas e despesas da Universidade\u201d. O reitor chama a aten\u00e7\u00e3o para um pequeno enorme detalhe:\u201cA Unitau, por ser uma institui\u00e7\u00e3o p\u00fablica, n\u00e3o pode ter lucro e todo remanescente \u00e9 aplicado na melhoria do ensino e na renova\u00e7\u00e3o da infraestrutura\u201d. Esse recurso \u00e9 usado para a realiza\u00e7\u00e3o de melhorias e a manuten\u00e7\u00e3o da entidade, segundo Camargo.<\/p>\n<p><img loading=\"lazy\" decoding=\"async\" class=\"size-large wp-image-11425 aligncenter\" style=\"text-align: center; background-color: #f3f3f3;\" title=\"Reitor Jos\u00e9 Rui\" src=\"http:\/\/jornalcontato.com.br\/home\/wp-content\/uploads\/2016\/04\/DSC_0055-450x299.jpg\" alt=\"Reitor Jos\u00e9 Rui\" width=\"450\" height=\"299\" srcset=\"https:\/\/jornalcontato.com.br\/home\/wp-content\/uploads\/2016\/04\/DSC_0055-450x299.jpg 450w, https:\/\/jornalcontato.com.br\/home\/wp-content\/uploads\/2016\/04\/DSC_0055-300x199.jpg 300w, https:\/\/jornalcontato.com.br\/home\/wp-content\/uploads\/2016\/04\/DSC_0055.jpg 650w\" sizes=\"auto, (max-width: 450px) 100vw, 450px\" \/><\/p>\n<dl id=\"attachment_11425\" class=\"wp-caption aligncenter\" style=\"width: 460px;\">\n<dd class=\"wp-caption-dd\">Reitor Jos\u00e9 Rui<\/dd>\n<\/dl>\n<p><strong>\u00a0<\/strong><strong>Bibioteca e professores<\/strong><\/p>\n<p>Vidal criticou tamb\u00e9m a qualidade da biblioteca do Departamento de Direito. \u201c\u00c9 capenga\u201d. E aproveitou para chamar a aten\u00e7\u00e3o sobre alguns problemas com professores:\u201cEu estou falando de professor que era para estar na sala de aula \u00e0s 19h15 e chega \u00e0s 20h15, que era para sair 22h40 e sai 22h10\u201d.<\/p>\n<p>Reitor Jos\u00e9 Rui respondeu afirmando que h\u00e1 um setor dentro da Unitau respons\u00e1vel pelas manuten\u00e7\u00f5es dos departamentos. \u201cN\u00f3s temos um cronograma para a manuten\u00e7\u00e3o, [mas] pode ser que tenha ocorrido alguma falha em algum setor. Mas \u00e9 importante que o vereador encaminhe os problemas, se poss\u00edvel por escrito, para que a gente encaminhe \u00e0 pr\u00f3-reitoria de Administra\u00e7\u00e3o e fa\u00e7a as corre\u00e7\u00f5es necess\u00e1rias\u201d. Quanto ao cumprimento do hor\u00e1rio de aula dos professores, o reitor explica que o controle \u00e9 feito pelos diretores de departamento e, caso haja desrespeito ao hor\u00e1rio, a reitoria tomar\u00e1 as medidas cab\u00edveis.<\/p>\n<div id=\"attachment_11426\" style=\"width: 450px\" class=\"wp-caption aligncenter\"><img loading=\"lazy\" decoding=\"async\" aria-describedby=\"caption-attachment-11426\" class=\"size-large wp-image-11426\" title=\"Manifesta\u00e7\u00e3o de estudantes da Faculdade de Medicina na Reitoria da Unitau em novembro de 2012\" src=\"http:\/\/jornalcontato.com.br\/home\/wp-content\/uploads\/2016\/04\/DSC_2153-450x299.jpg\" alt=\"Manifesta\u00e7\u00e3o de estudantes da Faculdade de Medicina na Reitoria da Unitau em novembro de 2012\" width=\"450\" height=\"299\" srcset=\"https:\/\/jornalcontato.com.br\/home\/wp-content\/uploads\/2016\/04\/DSC_2153-450x299.jpg 450w, https:\/\/jornalcontato.com.br\/home\/wp-content\/uploads\/2016\/04\/DSC_2153-300x199.jpg 300w, https:\/\/jornalcontato.com.br\/home\/wp-content\/uploads\/2016\/04\/DSC_2153.jpg 650w\" sizes=\"auto, (max-width: 450px) 100vw, 450px\" \/><p id=\"caption-attachment-11426\" class=\"wp-caption-text\">Manifesta\u00e7\u00e3o de estudantes da Faculdade de Medicina na Reitoria da Unitau em novembro de 2012<\/p><\/div>\n<p><strong>Unitau X Anhanguera<\/strong><\/p>\n<p>Vereador Jo\u00e3o Vidal comparou, ainda, a Unitau com a faculdade Anhanguera, que, segundo ele, se mant\u00e9m com R$ 120 milh\u00f5es (inicialmente havia informado que seriam R$ 10 milh\u00f5es) e tem em torno de dez mil alunos. Em seguida questiona o or\u00e7amento de R$220 milh\u00f5es da Unitau para atender cerca de 15 mil alunos.<\/p>\n<p>Essa indaga\u00e7\u00e3o foi respondida pelo vereador Douglas Carbonne (PCdoB), que criticou a compara\u00e7\u00e3o. \u201cA Unitau \u00e9 uma universidade, a Anhanguera \u00e9 uma faculdade. Tanto que o corpo docente da Universidade \u00e9 composto por mestres e doutores em sua maioria, enquanto o da Anhanguera n\u00e3o. N\u00e3o se pode comparar a Unitau com uma faculdade\u201d.<\/p>\n<p>O reitor da Unitau concorda com Carbonne reafirmando que n\u00e3o h\u00e1 compara\u00e7\u00e3o. \u201cA Universidade de Taubat\u00e9 tem um setor de pesquisa e ensino e um de presta\u00e7\u00e3o de servi\u00e7o \u00e0 comunidade muito forte. Todos os nossos professores s\u00e3o titulados. N\u00e3o tem a m\u00ednima compara\u00e7\u00e3o\u201d. Nossa reportagem apurou que a Anhanguera teria demitido recentemente os professores titulados para baratear custo. Usou como argumento que se trata de institui\u00e7\u00e3o que possui um padr\u00e3o de ensino e por isso n\u00e3o necessitaria de professores titulados para ministrar um ensino padr\u00e3o.<\/p>\n<p>&nbsp;<\/p>\n<div id=\"attachment_11427\" style=\"width: 450px\" class=\"wp-caption aligncenter\"><img loading=\"lazy\" decoding=\"async\" aria-describedby=\"caption-attachment-11427\" class=\"size-large wp-image-11427\" title=\"Vereador Douglas Carbonne\" src=\"http:\/\/jornalcontato.com.br\/home\/wp-content\/uploads\/2016\/04\/DSC_3624-450x299.jpg\" alt=\"Vereador Douglas Carbonne\" width=\"450\" height=\"299\" srcset=\"https:\/\/jornalcontato.com.br\/home\/wp-content\/uploads\/2016\/04\/DSC_3624-450x299.jpg 450w, https:\/\/jornalcontato.com.br\/home\/wp-content\/uploads\/2016\/04\/DSC_3624-300x199.jpg 300w, https:\/\/jornalcontato.com.br\/home\/wp-content\/uploads\/2016\/04\/DSC_3624.jpg 650w\" sizes=\"auto, (max-width: 450px) 100vw, 450px\" \/><p id=\"caption-attachment-11427\" class=\"wp-caption-text\">Vereador Douglas Carbonne<\/p><\/div>\n<p><strong>CPI<\/strong><\/p>\n<p>Vereador Jo\u00e3o Vidal tamb\u00e9m questionou a CPI (Comiss\u00e3o Parlamentar de Inqu\u00e9rito) que foi instaurada para investigar a situa\u00e7\u00e3o financeira da Unitau. \u201cO dinheiro destinado a vale-transporte e cesta b\u00e1sica teria sido desviado para fazer frente a outras despesas. Isso n\u00e3o pode e por isso a CPI foi aberta\u201d. Segundo o parlamentar, a situa\u00e7\u00e3o da Unitau j\u00e1 foi regularizada e, por causa disso, a CPI est\u00e1 estagnada. \u201cNada impede que n\u00f3s encontremos outro objeto para a Comiss\u00e3o [Parlamentar de Inqu\u00e9rito] como, por exemplo, a presta\u00e7\u00e3o de servi\u00e7o da Unitau\u201d.<\/p>\n<p>A Comiss\u00e3o foi instaurada em 2013 e nunca foi conclu\u00edda e perdeu o prazo para a conclus\u00e3o ou inclus\u00e3o de outros objetos de investiga\u00e7\u00e3o. Vereador Douglas Carbonne \u00e9 o presidente da CPI. \u201cAquilo que foi proposto [na CPI] foi sanado. Inclusive os pagamentos do IPMT, que foi tamb\u00e9m objeto de den\u00fancia, agora a Unitau vem pagando regularmente\u201d, afirma.<\/p>\n<p>Durante as reuni\u00f5es da CPI, os vereadores questionaram a d\u00edvida da Unitau com o Instituto de Previd\u00eancia do Munic\u00edpio de Taubat\u00e9 (IPMT). O d\u00e9bito j\u00e1 ultrapassava os R$20 milh\u00f5es. \u201cNaquela \u00e9poca, a Unitau n\u00e3o pagava [o Instituto] criando uma situa\u00e7\u00e3o perigosa para a aposentadoria dos funcion\u00e1rios\u201d, ressalta Douglas. O vereador defende a abertura de uma nova CPI para a investiga\u00e7\u00e3o do servi\u00e7o disponibilizado. \u201cEu proponho encerrar esta CPI e abrir uma nova porque esta j\u00e1 est\u00e1 conclu\u00edda\u201d.<\/p>\n<p>Reitor Jos\u00e9 Rui Camargo acredita que n\u00e3o h\u00e1 necessidade de uma CPI. \u201cUma CPI tem que ser instaurada quando o acusado n\u00e3o presta as informa\u00e7\u00f5es necess\u00e1rias. A Universidade de Taubat\u00e9, eu e todos os pr\u00f3-reitores estamos abertos a prestar quaisquer esclarecimentos\u201d, afirma. \u201cAcho que [CPI] \u00e9 processo desgastante e desnecess\u00e1rio que n\u00e3o faz bem a nenhuma das partes\u201d.<\/p>\n","protected":false},"excerpt":{"rendered":"<p>Vereador Jo\u00e3o Vidal (PSBB) critica a gest\u00e3o do or\u00e7amento da Universidade de Taubat\u00e9 e lembra que existe uma CPI instaurada para investigar a institui\u00e7\u00e3o<\/p>\n","protected":false},"author":1,"featured_media":11422,"comment_status":"open","ping_status":"open","sticky":false,"template":"","format":"standard","meta":{"footnotes":""},"categories":[29,7],"tags":[],"class_list":["post-11418","post","type-post","status-publish","format-standard","has-post-thumbnail","hentry","category-regional","category-reportagem"],"_links":{"self":[{"href":"https:\/\/www.jornalcontato.com.br\/home\/index.php\/wp-json\/wp\/v2\/posts\/11418","targetHints":{"allow":["GET"]}}],"collection":[{"href":"https:\/\/www.jornalcontato.com.br\/home\/index.php\/wp-json\/wp\/v2\/posts"}],"about":[{"href":"https:\/\/www.jornalcontato.com.br\/home\/index.php\/wp-json\/wp\/v2\/types\/post"}],"author":[{"embeddable":true,"href":"https:\/\/www.jornalcontato.com.br\/home\/index.php\/wp-json\/wp\/v2\/users\/1"}],"replies":[{"embeddable":true,"href":"https:\/\/www.jornalcontato.com.br\/home\/index.php\/wp-json\/wp\/v2\/comments?post=11418"}],"version-history":[{"count":7,"href":"https:\/\/www.jornalcontato.com.br\/home\/index.php\/wp-json\/wp\/v2\/posts\/11418\/revisions"}],"predecessor-version":[{"id":11434,"href":"https:\/\/www.jornalcontato.com.br\/home\/index.php\/wp-json\/wp\/v2\/posts\/11418\/revisions\/11434"}],"wp:featuredmedia":[{"embeddable":true,"href":"https:\/\/www.jornalcontato.com.br\/home\/index.php\/wp-json\/wp\/v2\/media\/11422"}],"wp:attachment":[{"href":"https:\/\/www.jornalcontato.com.br\/home\/index.php\/wp-json\/wp\/v2\/media?parent=11418"}],"wp:term":[{"taxonomy":"category","embeddable":true,"href":"https:\/\/www.jornalcontato.com.br\/home\/index.php\/wp-json\/wp\/v2\/categories?post=11418"},{"taxonomy":"post_tag","embeddable":true,"href":"https:\/\/www.jornalcontato.com.br\/home\/index.php\/wp-json\/wp\/v2\/tags?post=11418"}],"curies":[{"name":"wp","href":"https:\/\/api.w.org\/{rel}","templated":true}]}}