{"id":11380,"date":"2016-04-14T16:34:49","date_gmt":"2016-04-14T19:34:49","guid":{"rendered":"http:\/\/jornalcontato.com.br\/home\/?p=11380"},"modified":"2016-04-14T16:34:49","modified_gmt":"2016-04-14T19:34:49","slug":"conta-de-agua-fica-mais-cara","status":"publish","type":"post","link":"https:\/\/www.jornalcontato.com.br\/home\/index.php\/conta-de-agua-fica-mais-cara\/","title":{"rendered":"Conta de \u00e1gua fica mais cara"},"content":{"rendered":"<p style=\"text-align: left;\" align=\"center\"><em>A tarifa sofrer\u00e1 um reajuste de 8,45%; os novos pre\u00e7os come\u00e7ar\u00e3o a ser cobrados a partir de maio.<!--more--><\/em><\/p>\n<p>\u00a0<em>Por\u00a0\u00a0Nath\u00e1lia de Oliveira<\/em><\/p>\n<p>&nbsp;<\/p>\n<p>A conta de \u00e1gua dos taubateanos ficar\u00e1 mais cara a partir de 12 maio pr\u00f3ximo. A ARSESP (Ag\u00eancia Reguladora de Saneamento e Energia do Estado de S\u00e3o Paulo) autorizou a SABESP reajustar em 8,45 % a tarifa atual. Outras 27 cidades da regi\u00e3o atendidas pela estatal tamb\u00e9m sofrer\u00e3o o reajuste.<\/p>\n<p>Com essa mudan\u00e7a, os consumidores da Tarifa Normal pagar\u00e3o R$22,47 por dez metros c\u00fabicos de \u00e1gua. Antes o valor para o mesmo n\u00edvel de consumo era de R$20,64. J\u00e1 para as fam\u00edlias de baixa renda beneficiadas pela Tarifa Social o valor ser\u00e1 de R$7,59 por dez metros c\u00fabicos, antes era cobrado R$7,00, reajuste de 8,43 %.<\/p>\n<p>O mesmo vale para a coleta de esgoto: R$17,97 por 10 metros c\u00fabicos na Tarifa Normal e R$6,07 para a Tarifa Social.<\/p>\n<p>De acordo com a ARSESP, o reajuste foi calculado com base do \u00edndice do IPCA no per\u00edodo de mar\u00e7o de 2015 a mar\u00e7o de 2016, que totalizou 9,39%.<\/p>\n<p>Os demitidos e desempregados ter\u00e3o algum \u00edndice de reajuste nos seus rendimentos?<\/p>\n","protected":false},"excerpt":{"rendered":"<p>A tarifa sofrer\u00e1 um reajuste de 8,45%; os novos pre\u00e7os come\u00e7ar\u00e3o a ser cobrados a partir de maio.<\/p>\n","protected":false},"author":1,"featured_media":11382,"comment_status":"open","ping_status":"open","sticky":false,"template":"","format":"standard","meta":{"footnotes":""},"categories":[29,7],"tags":[],"class_list":["post-11380","post","type-post","status-publish","format-standard","has-post-thumbnail","hentry","category-regional","category-reportagem"],"_links":{"self":[{"href":"https:\/\/www.jornalcontato.com.br\/home\/index.php\/wp-json\/wp\/v2\/posts\/11380","targetHints":{"allow":["GET"]}}],"collection":[{"href":"https:\/\/www.jornalcontato.com.br\/home\/index.php\/wp-json\/wp\/v2\/posts"}],"about":[{"href":"https:\/\/www.jornalcontato.com.br\/home\/index.php\/wp-json\/wp\/v2\/types\/post"}],"author":[{"embeddable":true,"href":"https:\/\/www.jornalcontato.com.br\/home\/index.php\/wp-json\/wp\/v2\/users\/1"}],"replies":[{"embeddable":true,"href":"https:\/\/www.jornalcontato.com.br\/home\/index.php\/wp-json\/wp\/v2\/comments?post=11380"}],"version-history":[{"count":1,"href":"https:\/\/www.jornalcontato.com.br\/home\/index.php\/wp-json\/wp\/v2\/posts\/11380\/revisions"}],"predecessor-version":[{"id":11383,"href":"https:\/\/www.jornalcontato.com.br\/home\/index.php\/wp-json\/wp\/v2\/posts\/11380\/revisions\/11383"}],"wp:featuredmedia":[{"embeddable":true,"href":"https:\/\/www.jornalcontato.com.br\/home\/index.php\/wp-json\/wp\/v2\/media\/11382"}],"wp:attachment":[{"href":"https:\/\/www.jornalcontato.com.br\/home\/index.php\/wp-json\/wp\/v2\/media?parent=11380"}],"wp:term":[{"taxonomy":"category","embeddable":true,"href":"https:\/\/www.jornalcontato.com.br\/home\/index.php\/wp-json\/wp\/v2\/categories?post=11380"},{"taxonomy":"post_tag","embeddable":true,"href":"https:\/\/www.jornalcontato.com.br\/home\/index.php\/wp-json\/wp\/v2\/tags?post=11380"}],"curies":[{"name":"wp","href":"https:\/\/api.w.org\/{rel}","templated":true}]}}