{"id":11270,"date":"2016-04-07T17:50:11","date_gmt":"2016-04-07T20:50:11","guid":{"rendered":"http:\/\/jornalcontato.com.br\/home\/?p=11270"},"modified":"2016-04-07T17:51:03","modified_gmt":"2016-04-07T20:51:03","slug":"falta-autoridade-a-prefeitura-frente-a-ergplan","status":"publish","type":"post","link":"https:\/\/www.jornalcontato.com.br\/home\/index.php\/falta-autoridade-a-prefeitura-frente-a-ergplan\/","title":{"rendered":"Falta autoridade \u00e0 Prefeitura frente \u00e0 Ergplan"},"content":{"rendered":"<p style=\"text-align: left;\" align=\"center\">A \u00faltima edi\u00e7\u00e3o impressa do CONTATO trouxe a manchete: \u201c<em>Casas Pias tombada, finalmente!<\/em>\u201d. E na chamada afirma que \u201c<em>o tombamento integral do Conjunto Vicentino conhecido como Casas Pias e suas \u00e1reas verdes foi uma vit\u00f3ria da sociedade civil organizada, principalmente do movimento Preserva Taubat\u00e9, uma promessa cumprida pelos Ortiz \u2013 pai e filho \u2013 e o encerramento com chave de ouro da vers\u00e3o impressa do Jornal CONTATO, o \u00fanico ve\u00edculo da imprensa local que registrou as idas e vindas que marcaram essa luta.\u201d<!--more--><\/em><\/p>\n<div id=\"attachment_11272\" style=\"width: 318px\" class=\"wp-caption aligncenter\"><img loading=\"lazy\" decoding=\"async\" aria-describedby=\"caption-attachment-11272\" class=\"size-large wp-image-11272\" title=\"Capa da edi\u00e7\u00e3o 724 de CONTATO\" src=\"http:\/\/jornalcontato.com.br\/home\/wp-content\/uploads\/2016\/04\/JC724-1-318x450.jpg\" alt=\"Capa da edi\u00e7\u00e3o 724 de CONTATO\" width=\"318\" height=\"450\" srcset=\"https:\/\/jornalcontato.com.br\/home\/wp-content\/uploads\/2016\/04\/JC724-1-318x450.jpg 318w, https:\/\/jornalcontato.com.br\/home\/wp-content\/uploads\/2016\/04\/JC724-1-212x300.jpg 212w, https:\/\/jornalcontato.com.br\/home\/wp-content\/uploads\/2016\/04\/JC724-1.jpg 650w\" sizes=\"auto, (max-width: 318px) 100vw, 318px\" \/><p id=\"caption-attachment-11272\" class=\"wp-caption-text\">Capa da edi\u00e7\u00e3o 724 de CONTATO<\/p><\/div>\n<p align=\"center\"><strong><em>\u00a0<\/em><\/strong><\/p>\n<p>&nbsp;<\/p>\n<p><em><strong>por Paulo de Tarso Venceslau<\/strong><\/em><\/p>\n<p>&nbsp;<\/p>\n<p>Ledo engano! Pelo menos at\u00e9 o momento. E pelo que tudo indica trata-se de uma submiss\u00e3o pura e simples do poder Executivo \u00e0 for\u00e7a de uma empreiteira que adquiriu aquele patrim\u00f4nio de forma pouco transparente: a troca por outro im\u00f3vel constru\u00eddo em uma \u00e1rea que se encontra sub judice, uma vez que a fam\u00edlia de Ivone Moura, que seria a propriet\u00e1ria leg\u00edtima da \u00e1rea localizada no Parque Paduan, possui escritura lavrada no final do s\u00e9culo XIX.<\/p>\n<p>A empreiteira Ergplan reivindica a propriedade da \u00e1rea e mobilizou todos os recursos jur\u00eddicos dispon\u00edveis para obter o direito de posse. O Movimento Preserva Taubat\u00e9 entrou em cena e conseguiu junto ao prefeito Ortiz J\u00fanior que ele assinasse n\u00e3o s\u00f3 o tombamento da Casas Pias como tamb\u00e9m a fachada da F\u00e1brica Corozita, dos pr\u00e9dios do Tesourinho, da faculdade de Filosofia e da igrejinha de Santana.<\/p>\n<p>No dia 16 de mar\u00e7o, ap\u00f3s a notifica\u00e7\u00e3o formal \u00e0 empreiteira Ergplan, uma equipe de fiscais seguiu para a Casas Pias para exigir que sejam retirados os tapumes colocados pela empresa e que escondiam aquele patrim\u00f4nio hist\u00f3rico da popula\u00e7\u00e3o.<\/p>\n<p>O que parecia uma vit\u00f3ria da mem\u00f3ria e da hist\u00f3ria da terra de Lobato pode se transformar em mais passo em falso de nossas autoridades: os tapumes \u2013 tautologicamente chamados de fechamento de gradis pela secret\u00e1ria de Planejamento \u2013 continuam impedindo que os cidad\u00e3os possam admirar aquele patrim\u00f4nio; a den\u00fancia sobre um barulho que vinha da capela\u00a0tombada n\u00e3o obteve qualquer resposta, por\u00e9m, a Ergplan comunicou \u00e0 Justi\u00e7a que \u201c<em>realizou a entrega de quase a totalidade dos bens listados, sobretudo os que guarneciam \u00e0 Capela (ex.: imagens e demais objetos destinados aos cultos religiosos), \u00e0 Sociedade S\u00e3o Vicente de Paulo<\/em>&#8230;\u201d<\/p>\n<p>&nbsp;<\/p>\n<div id=\"attachment_10415\" style=\"width: 300px\" class=\"wp-caption aligncenter\"><img loading=\"lazy\" decoding=\"async\" aria-describedby=\"caption-attachment-10415\" class=\"size-medium wp-image-10415\" title=\"Capela cercada\" src=\"http:\/\/jornalcontato.com.br\/home\/wp-content\/uploads\/2016\/02\/11-Capela-cercada-300x199.jpg\" alt=\"Capela cercada\" width=\"300\" height=\"199\" srcset=\"https:\/\/jornalcontato.com.br\/home\/wp-content\/uploads\/2016\/02\/11-Capela-cercada-300x199.jpg 300w, https:\/\/jornalcontato.com.br\/home\/wp-content\/uploads\/2016\/02\/11-Capela-cercada.jpg 600w\" sizes=\"auto, (max-width: 300px) 100vw, 300px\" \/><p id=\"caption-attachment-10415\" class=\"wp-caption-text\">A Capela cercada<\/p><\/div>\n<p>&nbsp;<\/p>\n<p><strong>Prefeitura com a palavra<\/strong><\/p>\n<p>Advogado Jean Soldi, secret\u00e1rio de Neg\u00f3cios Jur\u00eddicos da Prefeitura, informa que no momento n\u00e3o h\u00e1 o que fazer. S\u00f3 depois que o Conselho de Patrim\u00f4nio Hist\u00f3rico ou a secretaria de Planejamento comunicar que h\u00e1 um descumprimento do acordado por parte da Ergplan \u00e9 caber\u00e1 alguma a\u00e7\u00e3o na Justi\u00e7a.<\/p>\n<p>Arquiteta D\u00e9bora Pereira, secret\u00e1ria de Planejamento e membro do Conselho, tenta justificar os tapumes usando argumentos da empreiteira: \u201cA empresa alega que colocou fechamento de gradis (tapumes) por motivo de seguran\u00e7a\u201d. Afirmou tamb\u00e9m que desconhece o documento que a Ergplan anexou ao processo n. 1004037-02.2015.8.26.0625 que corre na 3\u00aa Vara C\u00edvel.<\/p>\n<p>Quanto ao barulho que tinha origem na Capela tombada, D\u00e9bora afirma que a fiscaliza\u00e7\u00e3o esteve no local e nada constatou. Mas a mesma fiscaliza\u00e7\u00e3o foi incapaz de informar a aus\u00eancia de imagens e outros objetos igualmente tombados.<\/p>\n<p>&nbsp;<\/p>\n<div id=\"attachment_10398\" style=\"width: 300px\" class=\"wp-caption aligncenter\"><img loading=\"lazy\" decoding=\"async\" aria-describedby=\"caption-attachment-10398\" class=\"size-medium wp-image-10398\" title=\"Funcion\u00e1rio da Ergplan instalando os tapumes\" src=\"http:\/\/jornalcontato.com.br\/home\/wp-content\/uploads\/2016\/02\/capa213-172121-300x150.jpg\" alt=\"Funcion\u00e1rio da Ergplan instalando os tapumes\" width=\"300\" height=\"150\" srcset=\"https:\/\/jornalcontato.com.br\/home\/wp-content\/uploads\/2016\/02\/capa213-172121-300x150.jpg 300w, https:\/\/jornalcontato.com.br\/home\/wp-content\/uploads\/2016\/02\/capa213-172121.jpg 765w\" sizes=\"auto, (max-width: 300px) 100vw, 300px\" \/><p id=\"caption-attachment-10398\" class=\"wp-caption-text\">Funcion\u00e1rio da Ergplan instalando os tapumes<\/p><\/div>\n","protected":false},"excerpt":{"rendered":"<p>A \u00faltima edi\u00e7\u00e3o impressa do CONTATO trouxe a manchete: \u201cCasas Pias tombada, finalmente!\u201d. E na chamada afirma que \u201co tombamento integral do Conjunto Vicentino conhecido &#8230;<\/p>\n","protected":false},"author":1,"featured_media":11271,"comment_status":"open","ping_status":"open","sticky":false,"template":"","format":"standard","meta":{"footnotes":""},"categories":[29,7],"tags":[],"class_list":["post-11270","post","type-post","status-publish","format-standard","has-post-thumbnail","hentry","category-regional","category-reportagem"],"_links":{"self":[{"href":"https:\/\/www.jornalcontato.com.br\/home\/index.php\/wp-json\/wp\/v2\/posts\/11270","targetHints":{"allow":["GET"]}}],"collection":[{"href":"https:\/\/www.jornalcontato.com.br\/home\/index.php\/wp-json\/wp\/v2\/posts"}],"about":[{"href":"https:\/\/www.jornalcontato.com.br\/home\/index.php\/wp-json\/wp\/v2\/types\/post"}],"author":[{"embeddable":true,"href":"https:\/\/www.jornalcontato.com.br\/home\/index.php\/wp-json\/wp\/v2\/users\/1"}],"replies":[{"embeddable":true,"href":"https:\/\/www.jornalcontato.com.br\/home\/index.php\/wp-json\/wp\/v2\/comments?post=11270"}],"version-history":[{"count":4,"href":"https:\/\/www.jornalcontato.com.br\/home\/index.php\/wp-json\/wp\/v2\/posts\/11270\/revisions"}],"predecessor-version":[{"id":11280,"href":"https:\/\/www.jornalcontato.com.br\/home\/index.php\/wp-json\/wp\/v2\/posts\/11270\/revisions\/11280"}],"wp:featuredmedia":[{"embeddable":true,"href":"https:\/\/www.jornalcontato.com.br\/home\/index.php\/wp-json\/wp\/v2\/media\/11271"}],"wp:attachment":[{"href":"https:\/\/www.jornalcontato.com.br\/home\/index.php\/wp-json\/wp\/v2\/media?parent=11270"}],"wp:term":[{"taxonomy":"category","embeddable":true,"href":"https:\/\/www.jornalcontato.com.br\/home\/index.php\/wp-json\/wp\/v2\/categories?post=11270"},{"taxonomy":"post_tag","embeddable":true,"href":"https:\/\/www.jornalcontato.com.br\/home\/index.php\/wp-json\/wp\/v2\/tags?post=11270"}],"curies":[{"name":"wp","href":"https:\/\/api.w.org\/{rel}","templated":true}]}}