{"id":10977,"date":"2016-04-05T17:49:14","date_gmt":"2016-04-05T20:49:14","guid":{"rendered":"http:\/\/jornalcontato.com.br\/home\/?p=10977"},"modified":"2016-04-05T17:49:14","modified_gmt":"2016-04-05T20:49:14","slug":"tia-anastacia-prefeito-ex-prefeito-e-aeroporto-na-berlinda","status":"publish","type":"post","link":"https:\/\/www.jornalcontato.com.br\/home\/index.php\/tia-anastacia-prefeito-ex-prefeito-e-aeroporto-na-berlinda\/","title":{"rendered":"Tia Anast\u00e1cia: Prefeito, ex-prefeito e aeroporto na berlinda"},"content":{"rendered":"<p style=\"text-align: left;\" align=\"center\"><em>Al\u00e9m dos sapos que t\u00eam de engolir no dia a dia, a Justi\u00e7a n\u00e3o larga do p\u00e9 de pol\u00edticos e empres\u00e1rios que se julgam acima das leis que regem uma rep\u00fablica e o pr\u00f3prio mercado<!--more--><\/em><\/p>\n<p style=\"text-align: left;\">\n<p><img loading=\"lazy\" decoding=\"async\" class=\"aligncenter size-large wp-image-10978\" title=\"03 Inocentado\" src=\"http:\/\/jornalcontato.com.br\/home\/wp-content\/uploads\/2016\/04\/03-Inocentado-450x299.jpg\" alt=\"\" width=\"450\" height=\"299\" srcset=\"https:\/\/jornalcontato.com.br\/home\/wp-content\/uploads\/2016\/04\/03-Inocentado-450x299.jpg 450w, https:\/\/jornalcontato.com.br\/home\/wp-content\/uploads\/2016\/04\/03-Inocentado-300x199.jpg 300w, https:\/\/jornalcontato.com.br\/home\/wp-content\/uploads\/2016\/04\/03-Inocentado.jpg 650w\" sizes=\"auto, (max-width: 450px) 100vw, 450px\" \/><\/p>\n<p style=\"text-align: left;\">\n<p style=\"text-align: left;\">\n<p><strong>Lavagem de roupa suja 1<\/strong><\/p>\n<p>Na segunda, 04 a bancada tucana de vereadores \u2013 Dig\u00e3o, Bilili e Diego Fonseca \u2013 se reuniu com o prefeito Ortiz J\u00fanior para fumar o cachimbo da paz. Tudo indica que a receita deu certo. \u201cA banca do partido (PSDB) nunca esteve t\u00e3o unida como agora\u201d, foi o coment\u00e1rio de um participantes.<\/p>\n<p>&nbsp;<\/p>\n<div id=\"attachment_10979\" style=\"width: 450px\" class=\"wp-caption aligncenter\"><img loading=\"lazy\" decoding=\"async\" aria-describedby=\"caption-attachment-10979\" class=\"size-large wp-image-10979\" title=\"Os vereadores Dig\u00e3o, Biili e Diego\" src=\"http:\/\/jornalcontato.com.br\/home\/wp-content\/uploads\/2016\/04\/digao-bilili-diego-450x299.jpg\" alt=\"Os vereadores Dig\u00e3o, Biili e Diego\" width=\"450\" height=\"299\" srcset=\"https:\/\/jornalcontato.com.br\/home\/wp-content\/uploads\/2016\/04\/digao-bilili-diego-450x299.jpg 450w, https:\/\/jornalcontato.com.br\/home\/wp-content\/uploads\/2016\/04\/digao-bilili-diego-300x199.jpg 300w, https:\/\/jornalcontato.com.br\/home\/wp-content\/uploads\/2016\/04\/digao-bilili-diego.jpg 650w\" sizes=\"auto, (max-width: 450px) 100vw, 450px\" \/><p id=\"caption-attachment-10979\" class=\"wp-caption-text\">Os vereadores Dig\u00e3o, Biili e Diego<\/p><\/div>\n<p>&nbsp;<\/p>\n<p><strong>Lavagem de roupa suja 2<\/strong><\/p>\n<p>Tia Anast\u00e1cia ouviu de suas amigas no tradicional ch\u00e1 das 5 que o prefeito n\u00e3o teria dado mole. Ele teria ouvido muita coisa desagrad\u00e1vel, mas teria falado outros tantos. \u201cO prefeito confunde cr\u00edticas \u00e0 administra\u00e7\u00e3o com ataques pessoais\u201d, comentou um dos participantes com a coleguinha da veneranda senhora. \u201cEsses meninos nem imaginam como seria se o prefeito o pai\u201d, murmura Tia Anast\u00e1cia, com um enigm\u00e1tico sorriso nos l\u00e1bios.<\/p>\n<p>&nbsp;<\/p>\n<p><strong>Colhendo o que plantou 1<\/strong><\/p>\n<p>Na ter\u00e7a, 29, menos de uma semana ap\u00f3s ter sido condenado pela Vara da Fazenda por improbidade administrativa junto \u00e0 ex-vereadora Maria Teresa Paollichi, Roberto Peixoto sofre novo rev\u00e9s por seus desmandos durante o seu mandato de prefeito. O Tribunal de Contas do Estado (TCE) julgou irregular a contrata\u00e7\u00e3o da empresa que construiria o pr\u00e9dio Faculdade de Tecnologia, FATEC, em 2009.<\/p>\n<p>&nbsp;<\/p>\n<p><strong><strong>Colhendo o que plantou<\/strong>\u00a02<\/strong><\/p>\n<p>O TCE apontou diversas falhas como a realiza\u00e7\u00e3o de visitas t\u00e9cnicas que foram autorizadas em um \u00fanico dia. 54 empresas se interessaram na licita\u00e7\u00e3o, por\u00e9m, apenas 12 apresentaram propostas e, destas, cinco foram inabilitadas. Para o Tribunal houve exig\u00eancia inadequada de comprova\u00e7\u00e3o t\u00e9cnica. Quem levou foi a DP Barros Arquitetura que resultou em contrato de R$ 5,27 milh\u00f5es. Ainda cabe recurso.<\/p>\n<p>&nbsp;<\/p>\n<p><strong>Licen\u00e7a pr\u00eamio 1<\/strong><\/p>\n<p>Atrasos no pagamentos de licen\u00e7a-pr\u00eamio a funcion\u00e1rios da Prefeitura deu origem a requerimento da vereadora Pollyana Gama (PPS), cobrando informa\u00e7\u00f5es do prefeito Ortiz J\u00fanior. Os vereadores aprovaram o documento na sess\u00e3o de ter\u00e7a, 29.<\/p>\n<p>&nbsp;<\/p>\n<div id=\"attachment_10980\" style=\"width: 450px\" class=\"wp-caption aligncenter\"><img loading=\"lazy\" decoding=\"async\" aria-describedby=\"caption-attachment-10980\" class=\"size-large wp-image-10980\" title=\"Dilma no Pal\u00e1cio do Alvorada\" src=\"http:\/\/jornalcontato.com.br\/home\/wp-content\/uploads\/2016\/04\/mi_17893106250697194-450x299.jpg\" alt=\"Dilma no Pal\u00e1cio do Alvorada\" width=\"450\" height=\"299\" srcset=\"https:\/\/jornalcontato.com.br\/home\/wp-content\/uploads\/2016\/04\/mi_17893106250697194-450x299.jpg 450w, https:\/\/jornalcontato.com.br\/home\/wp-content\/uploads\/2016\/04\/mi_17893106250697194-300x199.jpg 300w, https:\/\/jornalcontato.com.br\/home\/wp-content\/uploads\/2016\/04\/mi_17893106250697194.jpg 650w\" sizes=\"auto, (max-width: 450px) 100vw, 450px\" \/><p id=\"caption-attachment-10980\" class=\"wp-caption-text\">Dilma no Pal\u00e1cio do Alvorada<\/p><\/div>\n<p>&nbsp;<\/p>\n<div id=\"attachment_10982\" style=\"width: 450px\" class=\"wp-caption aligncenter\"><img loading=\"lazy\" decoding=\"async\" aria-describedby=\"caption-attachment-10982\" class=\"size-large wp-image-10982\" title=\"C\u00ea t\u00e1 louco\" src=\"http:\/\/jornalcontato.com.br\/home\/wp-content\/uploads\/2016\/04\/1-450x299.jpg\" alt=\"C\u00ea t\u00e1 louco\" width=\"450\" height=\"299\" srcset=\"https:\/\/jornalcontato.com.br\/home\/wp-content\/uploads\/2016\/04\/1-450x299.jpg 450w, https:\/\/jornalcontato.com.br\/home\/wp-content\/uploads\/2016\/04\/1-300x199.jpg 300w, https:\/\/jornalcontato.com.br\/home\/wp-content\/uploads\/2016\/04\/1.jpg 650w\" sizes=\"auto, (max-width: 450px) 100vw, 450px\" \/><p id=\"caption-attachment-10982\" class=\"wp-caption-text\">C\u00ea t\u00e1 louco<\/p><\/div>\n<p>&nbsp;<\/p>\n<p><strong>Licen\u00e7a pr\u00eamio 2<\/strong><\/p>\n<p>Segundo a vereadora, funcion\u00e1rios relataram tamb\u00e9m atraso na gratifica\u00e7\u00e3o concedida ap\u00f3s cinco anos de servi\u00e7o. E a prefeitura n\u00e3o estaria respeitando a lista de acordo com o ano de admiss\u00e3o. Para a vereadora Pollyana, \u201cEssa lista deveria ser publicada mensalmente, para que a pessoa se organize, pois, muitas vezes precisa dessa licen\u00e7a porque um filho nasceu ou h\u00e1 algu\u00e9m doente na fam\u00edlia\u201d.<\/p>\n<p>&nbsp;<\/p>\n<p><strong>Licen\u00e7a pr\u00eamio 3<\/strong><\/p>\n<p>Para a Prefeitura \u201cem janeiro de 2013 foi descoberto que as licen\u00e7as-pr\u00eamio n\u00e3o eram pagas aos servidores desde 2002, com uma d\u00edvida de R$ 10,4 milh\u00f5es\u201d. Ainda de acordo com o Executivo, cerca de R$8,1 milh\u00f5es j\u00e1 foram desembolsados, todas as licen\u00e7as vencidas at\u00e9 o ano de 2012 j\u00e1 teriam sido pagas e que as licen\u00e7as vencidas em 2013, 2014, 2015 e 2016 ser\u00e3o pagas at\u00e9 o fim do mandato. \u201cOremos!\u201d, suspira Tia Anast\u00e1cia.<\/p>\n<p>&nbsp;<\/p>\n<p><strong>Aerovale vai a leil\u00e3o 1<\/strong><\/p>\n<p>\u00c1rea com mais de 400 mil metros quadrados do Aerovale, aeroporto privado da Construtora Penido, em Ca\u00e7apava, est\u00e1 sendo leiloada. O preg\u00e3o foi aberto na \u00faltima quarta-feira (30), depois que parte do terreno foi incorporado pela Desenvolve-SP no processo de recupera\u00e7\u00e3o judicial da construtora.<\/p>\n<p>&nbsp;<\/p>\n<p><strong>Aerovale vai a leil\u00e3o 2<\/strong><\/p>\n<p>O empreendimento, avaliado em R$ 230 milh\u00f5es, deveria ter sido entregue em 2014 e prev\u00ea a constru\u00e7\u00e3o de lotes aeron\u00e1uticos, comerciais e industriais, com acesso direto \u00e0 pista do aeroporto, que seria um terminal de cargas e de passageiros.<\/p>\n","protected":false},"excerpt":{"rendered":"<p>Al\u00e9m dos sapos que t\u00eam de engolir no dia a dia, a Justi\u00e7a n\u00e3o larga do p\u00e9 de pol\u00edticos e empres\u00e1rios que se julgam acima &#8230;<\/p>\n","protected":false},"author":1,"featured_media":4675,"comment_status":"open","ping_status":"open","sticky":false,"template":"","format":"standard","meta":{"footnotes":""},"categories":[37],"tags":[],"class_list":["post-10977","post","type-post","status-publish","format-standard","has-post-thumbnail","hentry","category-tia-anastacia"],"_links":{"self":[{"href":"https:\/\/www.jornalcontato.com.br\/home\/index.php\/wp-json\/wp\/v2\/posts\/10977","targetHints":{"allow":["GET"]}}],"collection":[{"href":"https:\/\/www.jornalcontato.com.br\/home\/index.php\/wp-json\/wp\/v2\/posts"}],"about":[{"href":"https:\/\/www.jornalcontato.com.br\/home\/index.php\/wp-json\/wp\/v2\/types\/post"}],"author":[{"embeddable":true,"href":"https:\/\/www.jornalcontato.com.br\/home\/index.php\/wp-json\/wp\/v2\/users\/1"}],"replies":[{"embeddable":true,"href":"https:\/\/www.jornalcontato.com.br\/home\/index.php\/wp-json\/wp\/v2\/comments?post=10977"}],"version-history":[{"count":1,"href":"https:\/\/www.jornalcontato.com.br\/home\/index.php\/wp-json\/wp\/v2\/posts\/10977\/revisions"}],"predecessor-version":[{"id":10983,"href":"https:\/\/www.jornalcontato.com.br\/home\/index.php\/wp-json\/wp\/v2\/posts\/10977\/revisions\/10983"}],"wp:featuredmedia":[{"embeddable":true,"href":"https:\/\/www.jornalcontato.com.br\/home\/index.php\/wp-json\/wp\/v2\/media\/4675"}],"wp:attachment":[{"href":"https:\/\/www.jornalcontato.com.br\/home\/index.php\/wp-json\/wp\/v2\/media?parent=10977"}],"wp:term":[{"taxonomy":"category","embeddable":true,"href":"https:\/\/www.jornalcontato.com.br\/home\/index.php\/wp-json\/wp\/v2\/categories?post=10977"},{"taxonomy":"post_tag","embeddable":true,"href":"https:\/\/www.jornalcontato.com.br\/home\/index.php\/wp-json\/wp\/v2\/tags?post=10977"}],"curies":[{"name":"wp","href":"https:\/\/api.w.org\/{rel}","templated":true}]}}