{"id":1048,"date":"2012-01-23T14:59:18","date_gmt":"2012-01-23T17:59:18","guid":{"rendered":"http:\/\/jornalcontato.com.br\/home\/?p=1048"},"modified":"2012-08-20T14:59:43","modified_gmt":"2012-08-20T17:59:43","slug":"para-nao-dizer-que-nao-falamos-de-pinheirinho","status":"publish","type":"post","link":"https:\/\/www.jornalcontato.com.br\/home\/index.php\/para-nao-dizer-que-nao-falamos-de-pinheirinho\/","title":{"rendered":"Para n\u00e3o dizer que n\u00e3o falamos de Pinheirinho"},"content":{"rendered":"<p>A desastrada atua\u00e7\u00e3o do Poder Judici\u00e1rio &#8211; Federal e Estadual &#8211; s\u00f3 n\u00e3o foi pior do que a interven\u00e7\u00e3o policial na comunidade de Pinheirinho na manh\u00e3 de domingo, 22, em S\u00e3o Jos\u00e9 dos Campos. Mais grave, por\u00e9m, tem sido a irresponsabilidade de alguns &#8220;revolucion\u00e1rios irrespons\u00e1veis sem causa&#8221; que insistem em incendiar ve\u00edculos e a biblioteca p\u00fablica, como o fizeram nessa segunda-feira, 23. Esses irrespons\u00e1veis parecem buscar uma v\u00edtima fatal da viol\u00eancia policial como combust\u00edvel para a luta. Essa irresponsabilidade acaba levando areia para o caminh\u00e3ozinho dos tucanos et caterva.\u00a0Mas podem escrever: os petistas, com rar\u00edssimas exce\u00e7\u00f5es pessoais, v\u00e3o rifar os moradores. Afinal, em ano eleitoral n\u00e3o se pode brincar em servi\u00e7o. Os petistas que est\u00e3o est\u00e3o correndo feito loucos atr\u00e1s do eleitorado mais esclarecido que o digam!!!<br \/>\nEnquanto isso, o pov\u00e3o, mais uma vez&#8230;<\/p>\n","protected":false},"excerpt":{"rendered":"<p>A desastrada atua\u00e7\u00e3o do Poder Judici\u00e1rio &#8211; Federal e Estadual &#8211; s\u00f3 n\u00e3o foi pior do que a interven\u00e7\u00e3o policial na comunidade de Pinheirinho na &#8230;<\/p>\n","protected":false},"author":1,"featured_media":0,"comment_status":"open","ping_status":"open","sticky":false,"template":"","format":"standard","meta":{"footnotes":""},"categories":[7],"tags":[],"class_list":["post-1048","post","type-post","status-publish","format-standard","hentry","category-reportagem"],"_links":{"self":[{"href":"https:\/\/www.jornalcontato.com.br\/home\/index.php\/wp-json\/wp\/v2\/posts\/1048","targetHints":{"allow":["GET"]}}],"collection":[{"href":"https:\/\/www.jornalcontato.com.br\/home\/index.php\/wp-json\/wp\/v2\/posts"}],"about":[{"href":"https:\/\/www.jornalcontato.com.br\/home\/index.php\/wp-json\/wp\/v2\/types\/post"}],"author":[{"embeddable":true,"href":"https:\/\/www.jornalcontato.com.br\/home\/index.php\/wp-json\/wp\/v2\/users\/1"}],"replies":[{"embeddable":true,"href":"https:\/\/www.jornalcontato.com.br\/home\/index.php\/wp-json\/wp\/v2\/comments?post=1048"}],"version-history":[{"count":1,"href":"https:\/\/www.jornalcontato.com.br\/home\/index.php\/wp-json\/wp\/v2\/posts\/1048\/revisions"}],"predecessor-version":[{"id":1049,"href":"https:\/\/www.jornalcontato.com.br\/home\/index.php\/wp-json\/wp\/v2\/posts\/1048\/revisions\/1049"}],"wp:attachment":[{"href":"https:\/\/www.jornalcontato.com.br\/home\/index.php\/wp-json\/wp\/v2\/media?parent=1048"}],"wp:term":[{"taxonomy":"category","embeddable":true,"href":"https:\/\/www.jornalcontato.com.br\/home\/index.php\/wp-json\/wp\/v2\/categories?post=1048"},{"taxonomy":"post_tag","embeddable":true,"href":"https:\/\/www.jornalcontato.com.br\/home\/index.php\/wp-json\/wp\/v2\/tags?post=1048"}],"curies":[{"name":"wp","href":"https:\/\/api.w.org\/{rel}","templated":true}]}}