{"id":10438,"date":"2016-03-05T21:18:31","date_gmt":"2016-03-06T00:18:31","guid":{"rendered":"http:\/\/jornalcontato.com.br\/home\/?p=10438"},"modified":"2016-04-05T16:10:23","modified_gmt":"2016-04-05T19:10:23","slug":"flagrantes-das-manifestacoes-de-sexta-feira-na-capital-paulista","status":"publish","type":"post","link":"https:\/\/www.jornalcontato.com.br\/home\/index.php\/flagrantes-das-manifestacoes-de-sexta-feira-na-capital-paulista\/","title":{"rendered":"Flagrantes das manifesta\u00e7\u00f5es de sexta-feira na capital paulista"},"content":{"rendered":"<p><em>Confira o v\u00eddeo produzido por Pedro Venceslau, Estad\u00e3o, com flagrantes das manifesta\u00e7\u00f5es ocorridas ap\u00f3s opera\u00e7\u00e3o da Pol\u00edcia Federal envolvendo o ex-presidente Lula na Grande SP.<\/em><!--more--><br \/>\n<iframe loading=\"lazy\" src=\"https:\/\/www.youtube.com\/embed\/qYWrRILCndw\" frameborder=\"0\" width=\"650\" height=\"366\"><\/iframe><\/p>\n<p>&nbsp;<\/p>\n<p><a href=\"http:\/\/jornalcontato.com.br\/home\/wp-content\/uploads\/2016\/03\/aa039b85666a9e25a79cc6546d7fb2c5.jpg\"><img loading=\"lazy\" decoding=\"async\" class=\"size-full wp-image-10440 alignleft\" title=\"aa039b85666a9e25a79cc6546d7fb2c5\" src=\"http:\/\/jornalcontato.com.br\/home\/wp-content\/uploads\/2016\/03\/aa039b85666a9e25a79cc6546d7fb2c5.jpg\" alt=\"\" width=\"650\" height=\"785\" srcset=\"https:\/\/jornalcontato.com.br\/home\/wp-content\/uploads\/2016\/03\/aa039b85666a9e25a79cc6546d7fb2c5.jpg 650w, https:\/\/jornalcontato.com.br\/home\/wp-content\/uploads\/2016\/03\/aa039b85666a9e25a79cc6546d7fb2c5-248x300.jpg 248w\" sizes=\"auto, (max-width: 650px) 100vw, 650px\" \/><\/a><\/p>\n","protected":false},"excerpt":{"rendered":"<p>Confira o v\u00eddeo produzido por Pedro Venceslau, Estad\u00e3o, com flagrantes das manifesta\u00e7\u00f5es ocorridas ap\u00f3s opera\u00e7\u00e3o da Pol\u00edcia Federal envolvendo o ex-presidente Lula na Grande SP.<\/p>\n","protected":false},"author":1,"featured_media":10439,"comment_status":"open","ping_status":"open","sticky":false,"template":"","format":"standard","meta":{"footnotes":""},"categories":[1,7],"tags":[],"class_list":["post-10438","post","type-post","status-publish","format-standard","has-post-thumbnail","hentry","category-nacional","category-reportagem"],"_links":{"self":[{"href":"https:\/\/www.jornalcontato.com.br\/home\/index.php\/wp-json\/wp\/v2\/posts\/10438","targetHints":{"allow":["GET"]}}],"collection":[{"href":"https:\/\/www.jornalcontato.com.br\/home\/index.php\/wp-json\/wp\/v2\/posts"}],"about":[{"href":"https:\/\/www.jornalcontato.com.br\/home\/index.php\/wp-json\/wp\/v2\/types\/post"}],"author":[{"embeddable":true,"href":"https:\/\/www.jornalcontato.com.br\/home\/index.php\/wp-json\/wp\/v2\/users\/1"}],"replies":[{"embeddable":true,"href":"https:\/\/www.jornalcontato.com.br\/home\/index.php\/wp-json\/wp\/v2\/comments?post=10438"}],"version-history":[{"count":6,"href":"https:\/\/www.jornalcontato.com.br\/home\/index.php\/wp-json\/wp\/v2\/posts\/10438\/revisions"}],"predecessor-version":[{"id":10910,"href":"https:\/\/www.jornalcontato.com.br\/home\/index.php\/wp-json\/wp\/v2\/posts\/10438\/revisions\/10910"}],"wp:featuredmedia":[{"embeddable":true,"href":"https:\/\/www.jornalcontato.com.br\/home\/index.php\/wp-json\/wp\/v2\/media\/10439"}],"wp:attachment":[{"href":"https:\/\/www.jornalcontato.com.br\/home\/index.php\/wp-json\/wp\/v2\/media?parent=10438"}],"wp:term":[{"taxonomy":"category","embeddable":true,"href":"https:\/\/www.jornalcontato.com.br\/home\/index.php\/wp-json\/wp\/v2\/categories?post=10438"},{"taxonomy":"post_tag","embeddable":true,"href":"https:\/\/www.jornalcontato.com.br\/home\/index.php\/wp-json\/wp\/v2\/tags?post=10438"}],"curies":[{"name":"wp","href":"https:\/\/api.w.org\/{rel}","templated":true}]}}