{"id":10324,"date":"2016-02-11T09:52:16","date_gmt":"2016-02-11T12:52:16","guid":{"rendered":"http:\/\/jornalcontato.com.br\/home\/?p=10324"},"modified":"2016-03-22T16:01:58","modified_gmt":"2016-03-22T19:01:58","slug":"revelacoes-na-inauguracao-do-quartel-do-corpo-de-bombeiros","status":"publish","type":"post","link":"https:\/\/www.jornalcontato.com.br\/home\/index.php\/revelacoes-na-inauguracao-do-quartel-do-corpo-de-bombeiros\/","title":{"rendered":"Revela\u00e7\u00f5es na inaugura\u00e7\u00e3o do quartel do Corpo de Bombeiros"},"content":{"rendered":"<p style=\"text-align: left;\" align=\"center\"><em>Na sexta-feira, 05, evento prestigiado pela c\u00fapula da secretaria da Seguran\u00e7a do Estado e v\u00e1rios pol\u00edticos da Regi\u00e3o, inaugurou o Posto de Bombeiros de Quiririm, o prefeito assinou ordem de servi\u00e7o para revitaliza\u00e7\u00e3o do Mercatto e deputado Padre Afonso confidenciou que poder\u00e1 disputar a prefeitura<\/em><strong><em><!--more--> <\/em><\/strong><\/p>\n<p align=\"center\"><strong>\u00a0<\/strong><\/p>\n<div id=\"attachment_10326\" style=\"width: 650px\" class=\"wp-caption aligncenter\"><a href=\"http:\/\/jornalcontato.com.br\/home\/wp-content\/uploads\/2016\/02\/11.jpg\"><img loading=\"lazy\" decoding=\"async\" aria-describedby=\"caption-attachment-10326\" class=\"size-full wp-image-10326\" title=\"Prefeito e bombeiros civis\" src=\"http:\/\/jornalcontato.com.br\/home\/wp-content\/uploads\/2016\/02\/11.jpg\" alt=\"Prefeito e bombeiros civis\" width=\"650\" height=\"433\" srcset=\"https:\/\/jornalcontato.com.br\/home\/wp-content\/uploads\/2016\/02\/11.jpg 650w, https:\/\/jornalcontato.com.br\/home\/wp-content\/uploads\/2016\/02\/11-300x199.jpg 300w\" sizes=\"auto, (max-width: 650px) 100vw, 650px\" \/><\/a><p id=\"caption-attachment-10326\" class=\"wp-caption-text\">Prefeito e bombeiros civis<\/p><\/div>\n<p>&nbsp;<\/p>\n<p><em>por\u00a0Jos\u00e9 de Campos Cobra (texto e fotos)<\/em><\/p>\n<p>&nbsp;<\/p>\n<p>Uma nova unidade do Corpo de Bombeiros era uma reivindica\u00e7\u00e3o antiga do comando da corpora\u00e7\u00e3o para descentralizar os servi\u00e7os e melhorar o tempo de resposta aos atendimentos de emerg\u00eancia. Ele acaba de ser implantado em local mais pr\u00f3ximo dos moradores e de rodovias importantes em um importante distrito industrial que abriga grandes ind\u00fastrias e prestadoras de servi\u00e7o.<\/p>\n<p>O secret\u00e1rio de Seguran\u00e7a do Estado, Alexandre Moraes, encheu a bola do prefeito Ortiz J\u00fanior (PSDB) ao afirmar que \u00e9 inten\u00e7\u00e3o do governo do Estado implantar o servi\u00e7o de bombeiros em todos os munic\u00edpios do estado seguindo o modelo implantado em Taubat\u00e9.<\/p>\n<p>&nbsp;<\/p>\n<div id=\"attachment_10327\" style=\"width: 650px\" class=\"wp-caption aligncenter\"><a href=\"http:\/\/jornalcontato.com.br\/home\/wp-content\/uploads\/2016\/02\/21.jpg\"><img loading=\"lazy\" decoding=\"async\" aria-describedby=\"caption-attachment-10327\" class=\"size-full wp-image-10327\" title=\"Comandante do CB, Secret\u00e1rio da Seguran\u00e7a, Prefeito e vereadores Goreti e Paulo Miranda\" src=\"http:\/\/jornalcontato.com.br\/home\/wp-content\/uploads\/2016\/02\/21.jpg\" alt=\"Comandante do CB, Secret\u00e1rio da Seguran\u00e7a, Prefeito e vereadores Goreti e Paulo Miranda\" width=\"650\" height=\"433\" srcset=\"https:\/\/jornalcontato.com.br\/home\/wp-content\/uploads\/2016\/02\/21.jpg 650w, https:\/\/jornalcontato.com.br\/home\/wp-content\/uploads\/2016\/02\/21-300x199.jpg 300w\" sizes=\"auto, (max-width: 650px) 100vw, 650px\" \/><\/a><p id=\"caption-attachment-10327\" class=\"wp-caption-text\">Comandante do CB, Secret\u00e1rio da Seguran\u00e7a, Prefeito e vereadores Goreti e Paulo Miranda<\/p><\/div>\n<p>&nbsp;<\/p>\n<div id=\"attachment_10329\" style=\"width: 650px\" class=\"wp-caption aligncenter\"><a href=\"http:\/\/jornalcontato.com.br\/home\/wp-content\/uploads\/2016\/02\/41.jpg\"><img loading=\"lazy\" decoding=\"async\" aria-describedby=\"caption-attachment-10329\" class=\"size-full wp-image-10329\" title=\"Cel Silva, Cel Armani, Dep Nishimoto, Cel Duarte, e Cel Nikoluk\" src=\"http:\/\/jornalcontato.com.br\/home\/wp-content\/uploads\/2016\/02\/41.jpg\" alt=\"Cel Silva, Cel Armani, Dep Nishimoto, Cel Duarte, e Cel Nikoluk\" width=\"650\" height=\"433\" srcset=\"https:\/\/jornalcontato.com.br\/home\/wp-content\/uploads\/2016\/02\/41.jpg 650w, https:\/\/jornalcontato.com.br\/home\/wp-content\/uploads\/2016\/02\/41-300x199.jpg 300w\" sizes=\"auto, (max-width: 650px) 100vw, 650px\" \/><\/a><p id=\"caption-attachment-10329\" class=\"wp-caption-text\">Cel Silva, Cel Armani, Dep Nishimoto, Cel Duarte, e Cel Nikoluk<\/p><\/div>\n<p>&nbsp;<\/p>\n<p>Destacou que nos momentos de crise \u00e9 que se conhece os bons gestores p\u00fablicos, que com honestidade, compet\u00eancia e efici\u00eancia na gest\u00e3o dos recursos conseguem realizar parcerias com o governo do estado que resultam em melhor atendimento aos reclamos da popula\u00e7\u00e3o. Na terra de Lobato, o prefeito, al\u00e9m da constru\u00e7\u00e3o da unidade e aquisi\u00e7\u00e3o de equipamentos, efetuou tamb\u00e9m a contrata\u00e7\u00e3o de bombeiros civis que foram treinados nas unidades de forma\u00e7\u00e3o do Corpo de Bombeiros do estado e qualificados para atuar no atendimento dos diversos tipos de ocorr\u00eancia que envolvem o servi\u00e7o de bombeiros.<\/p>\n<p>&nbsp;<\/p>\n<div id=\"attachment_10328\" style=\"width: 650px\" class=\"wp-caption aligncenter\"><a href=\"http:\/\/jornalcontato.com.br\/home\/wp-content\/uploads\/2016\/02\/31.jpg\"><img loading=\"lazy\" decoding=\"async\" aria-describedby=\"caption-attachment-10328\" class=\"size-full wp-image-10328\" title=\"Tucanos joseenses re\u00fanem-se em Taubat\u00e9\" src=\"http:\/\/jornalcontato.com.br\/home\/wp-content\/uploads\/2016\/02\/31.jpg\" alt=\"Tucanos joseenses re\u00fanem-se em Taubat\u00e9\" width=\"650\" height=\"433\" srcset=\"https:\/\/jornalcontato.com.br\/home\/wp-content\/uploads\/2016\/02\/31.jpg 650w, https:\/\/jornalcontato.com.br\/home\/wp-content\/uploads\/2016\/02\/31-300x199.jpg 300w\" sizes=\"auto, (max-width: 650px) 100vw, 650px\" \/><\/a><p id=\"caption-attachment-10328\" class=\"wp-caption-text\">Tucanos joseenses re\u00fanem-se em Taubat\u00e9<\/p><\/div>\n<p>&nbsp;<\/p>\n<p>Prestigiaram o evento o deputado federal Eduardo Cury (PSDB) e tamb\u00e9m osestaduais H\u00e9lio Nishimoto (PSDB), Padre Afonso Lobato (PV), os vereadores Paulo Miranda (PP), Rodrigo Lu\u00eds Silva, Dig\u00e3o, (PSDB),Jeferson Campos (PV), Luizinho da Farm\u00e1cia (PROS), Maria Gorete (DEM) e os secret\u00e1rios de Obras, Jo\u00e3o Bebiano, da Mobilidade Urbana Dolores Pino, de Sa\u00fade Jo\u00e3o Ebram e o vice-prefeito Edson de Oliveira.<\/p>\n<p>&nbsp;<\/p>\n<div id=\"attachment_10330\" style=\"width: 650px\" class=\"wp-caption aligncenter\"><a href=\"http:\/\/jornalcontato.com.br\/home\/wp-content\/uploads\/2016\/02\/51.jpg\"><img loading=\"lazy\" decoding=\"async\" aria-describedby=\"caption-attachment-10330\" class=\"size-full wp-image-10330\" title=\"Cel Silva Cmt do 11 GB, ladeado pelo Cel Armani, Sub Cmt do CB e Cel Duarte Comandante do Corpo de Bombeiros do estado\" src=\"http:\/\/jornalcontato.com.br\/home\/wp-content\/uploads\/2016\/02\/51.jpg\" alt=\"Cel Silva Cmt do 11 GB, ladeado pelo Cel Armani, Sub Cmt do CB e Cel Duarte Comandante do Corpo de Bombeiros do estado\" width=\"650\" height=\"433\" srcset=\"https:\/\/jornalcontato.com.br\/home\/wp-content\/uploads\/2016\/02\/51.jpg 650w, https:\/\/jornalcontato.com.br\/home\/wp-content\/uploads\/2016\/02\/51-300x199.jpg 300w\" sizes=\"auto, (max-width: 650px) 100vw, 650px\" \/><\/a><p id=\"caption-attachment-10330\" class=\"wp-caption-text\">Cel Silva Cmt do 11 GB, ladeado pelo Cel Armani, Sub Cmt do CB e Cel Duarte Comandante do Corpo de Bombeiros do estado<\/p><\/div>\n<p>&nbsp;<\/p>\n<p>Em seu discurso, prefeito Ortiz J\u00fanior revelou que se preparou para este cen\u00e1rio de dificuldades que o pa\u00eds vive agora no momento em que ele est\u00e1 \u00e0 frente da prefeitura.\u00a0 Mas que que ele tem contado com o apoio do governo estadual, atrav\u00e9s dos deputados presentes, que tem aportado recursos que permitem a execu\u00e7\u00e3o de alguns projetos como o do Posto de Bombeiros e muitas outras obras que tem realizado pela cidade.<\/p>\n<p>&nbsp;<\/p>\n<div id=\"attachment_10331\" style=\"width: 650px\" class=\"wp-caption aligncenter\"><a href=\"http:\/\/jornalcontato.com.br\/home\/wp-content\/uploads\/2016\/02\/61.jpg\"><img loading=\"lazy\" decoding=\"async\" aria-describedby=\"caption-attachment-10331\" class=\"size-full wp-image-10331\" title=\"Ortiz Jr, ladeado por Luizinho e Jeferson Campos\" src=\"http:\/\/jornalcontato.com.br\/home\/wp-content\/uploads\/2016\/02\/61.jpg\" alt=\"Ortiz Jr, ladeado por Luizinho e Jeferson Campos\" width=\"650\" height=\"433\" srcset=\"https:\/\/jornalcontato.com.br\/home\/wp-content\/uploads\/2016\/02\/61.jpg 650w, https:\/\/jornalcontato.com.br\/home\/wp-content\/uploads\/2016\/02\/61-300x199.jpg 300w\" sizes=\"auto, (max-width: 650px) 100vw, 650px\" \/><\/a><p id=\"caption-attachment-10331\" class=\"wp-caption-text\">Ortiz Jr, ladeado por Luizinho e Jeferson Campos<\/p><\/div>\n<p>&nbsp;<\/p>\n<p>Anunciou tamb\u00e9m um investimento de cerca de R$ 3 milh\u00f5es em obras de requalifica\u00e7\u00e3o do Mercatto de Quiririm com recursos oriundos do Fundo de Interesses Difusos da Secretaria de Justi\u00e7a. As obras ter\u00e3o in\u00edcio ap\u00f3s o carnaval e com prazo de nove meses para conclus\u00e3o. A prefeitura participou de um concurso de projetos no ano de 2014 e o projeto escolhido foi a revitaliza\u00e7\u00e3o do Centro Hist\u00f3rico e Gastron\u00f4mico de Quiririm, que contempla a requalifica\u00e7\u00e3o e alargamento de vias, a reorganiza\u00e7\u00e3o vi\u00e1ria e a implanta\u00e7\u00e3o de sinaliza\u00e7\u00e3o tur\u00edstica adequada e tamb\u00e9m o paisagismo de alguns trechos que precisam ser melhorados.<\/p>\n<p>&nbsp;<\/p>\n<div id=\"attachment_10332\" style=\"width: 650px\" class=\"wp-caption aligncenter\"><a href=\"http:\/\/jornalcontato.com.br\/home\/wp-content\/uploads\/2016\/02\/71.jpg\"><img loading=\"lazy\" decoding=\"async\" aria-describedby=\"caption-attachment-10332\" class=\"size-full wp-image-10332\" title=\"Coronel Amaral, Coronel Nikoluk Deputado Eduardo Cury e Vereador Dig\u00e3o\" src=\"http:\/\/jornalcontato.com.br\/home\/wp-content\/uploads\/2016\/02\/71.jpg\" alt=\"Coronel Amaral, Coronel Nikoluk Deputado Eduardo Cury e Vereador Dig\u00e3o\" width=\"650\" height=\"433\" srcset=\"https:\/\/jornalcontato.com.br\/home\/wp-content\/uploads\/2016\/02\/71.jpg 650w, https:\/\/jornalcontato.com.br\/home\/wp-content\/uploads\/2016\/02\/71-300x199.jpg 300w\" sizes=\"auto, (max-width: 650px) 100vw, 650px\" \/><\/a><p id=\"caption-attachment-10332\" class=\"wp-caption-text\">Coronel Amaral, Coronel Nikoluk Deputado Eduardo Cury e Vereador Dig\u00e3o<\/p><\/div>\n<p>&nbsp;<\/p>\n<p>Ortiz J\u00fanior falou tamb\u00e9m com a imprensa sobre sua expectativa diante do julgamento do TSE que poder\u00e1 afast\u00e1-lo do cargo e torna-lo ineleg\u00edvel.\u00a0 Acredita que seus advogados conseguir\u00e3o reverter o quadro que hoje o amea\u00e7a: \u201c<em>Est\u00e1 na hora de se encerrar esse julgamento e espero que encerre da melhor maneira poss\u00edvel para mim. Eu espero que nos pr\u00f3ximos dias j\u00e1 haja uma defini\u00e7\u00e3o sobre isso\u201d.<\/em><\/p>\n<p>Ortiz declarou que n\u00e3o est\u00e1 preocupado com a possibilidade ou n\u00e3o de reelei\u00e7\u00e3o, e que sua preocupa\u00e7\u00e3o agora \u00e9 com as obras que est\u00e1 realizando e com as inaugura\u00e7\u00f5es do que j\u00e1 conseguiu realizar.<\/p>\n<p><strong>\u00a0<\/strong><\/p>\n<div id=\"attachment_10333\" style=\"width: 650px\" class=\"wp-caption aligncenter\"><a href=\"http:\/\/jornalcontato.com.br\/home\/wp-content\/uploads\/2016\/02\/81.jpg\"><img loading=\"lazy\" decoding=\"async\" aria-describedby=\"caption-attachment-10333\" class=\"size-full wp-image-10333\" title=\"Deputado Padre Afonso e bombeiros civ\u00eds da Prefeitura\" src=\"http:\/\/jornalcontato.com.br\/home\/wp-content\/uploads\/2016\/02\/81.jpg\" alt=\"Deputado Padre Afonso e bombeiros civ\u00eds da Prefeitura\" width=\"650\" height=\"433\" srcset=\"https:\/\/jornalcontato.com.br\/home\/wp-content\/uploads\/2016\/02\/81.jpg 650w, https:\/\/jornalcontato.com.br\/home\/wp-content\/uploads\/2016\/02\/81-300x199.jpg 300w\" sizes=\"auto, (max-width: 650px) 100vw, 650px\" \/><\/a><p id=\"caption-attachment-10333\" class=\"wp-caption-text\">Deputado Padre Afonso e bombeiros civ\u00eds da Prefeitura<\/p><\/div>\n<p>&nbsp;<\/p>\n<p><strong>Padre Afonso Lobato<\/strong><\/p>\n<p>Deputado Estadual Padre Afonso n\u00e3o teve oportunidade de discursar no palanque, por\u00e9m, antes da inaugura\u00e7\u00e3o, ele conversou com a reportagem do CONTATO sobre sua poss\u00edvel candidatura a prefeito. O deputado afirmou que n\u00e3o \u00e9 candidato e que apoia Ortiz J\u00fanior, e que prefere aguardar a defini\u00e7\u00e3o dos processos referentes ao atual prefeito.<\/p>\n<p>Tudo indica, por\u00e9m, que ele faz parte do plano B caso Ortiz J\u00fanior venha a se tornar ineleg\u00edvel pela justi\u00e7a eleitoral. Se a situa\u00e7\u00e3o essa se concretizar, Afonso poder\u00e1 sim se candidatar a prefeito. Pelo menos \u00e9 o que se pode extrair de uma conversa quase monossil\u00e1bica.<\/p>\n<p>&nbsp;<\/p>\n<div id=\"attachment_10334\" style=\"width: 650px\" class=\"wp-caption aligncenter\"><a href=\"http:\/\/jornalcontato.com.br\/home\/wp-content\/uploads\/2016\/02\/9.jpg\"><img loading=\"lazy\" decoding=\"async\" aria-describedby=\"caption-attachment-10334\" class=\"size-full wp-image-10334\" title=\"Deputado Padre Afonso e Vereador Luizinho da Farm\u00e1cia\" src=\"http:\/\/jornalcontato.com.br\/home\/wp-content\/uploads\/2016\/02\/9.jpg\" alt=\"Deputado Padre Afonso e Vereador Luizinho da Farm\u00e1cia\" width=\"650\" height=\"433\" srcset=\"https:\/\/jornalcontato.com.br\/home\/wp-content\/uploads\/2016\/02\/9.jpg 650w, https:\/\/jornalcontato.com.br\/home\/wp-content\/uploads\/2016\/02\/9-300x199.jpg 300w\" sizes=\"auto, (max-width: 650px) 100vw, 650px\" \/><\/a><p id=\"caption-attachment-10334\" class=\"wp-caption-text\">Deputado Padre Afonso e Vereador Luizinho da Farm\u00e1cia<\/p><\/div>\n<p>&nbsp;<\/p>\n<p>Deputado Padre Afonso revelou que tem sido muito procurado por grupos pol\u00edticos e pessoas interessadas em saber de suas pretens\u00f5es pol\u00edticas ou em busca de seu apoio. E o que tem respondido? \u201c<em>Interessante \u00e9 que muitas dessas pessoas haviam se afastado de mim ap\u00f3s as elei\u00e7\u00f5es de 2012. Na campanha de 2014 eu procurei algumas em busca de apoio para a reelei\u00e7\u00e3o e elas n\u00e3o me deram aten\u00e7\u00e3o. Agora, est\u00e3o me procurando. Com que inten\u00e7\u00f5es eu n\u00e3o sei<\/em>.\u00a0<em>Prefiro aguardar<\/em>\u201d.<\/p>\n<p>&nbsp;<\/p>\n<div id=\"attachment_10335\" style=\"width: 650px\" class=\"wp-caption aligncenter\"><a href=\"http:\/\/jornalcontato.com.br\/home\/wp-content\/uploads\/2016\/02\/10.jpg\"><img loading=\"lazy\" decoding=\"async\" aria-describedby=\"caption-attachment-10335\" class=\"size-full wp-image-10335\" title=\"Posto de Bombeiros de Quiririm\" src=\"http:\/\/jornalcontato.com.br\/home\/wp-content\/uploads\/2016\/02\/10.jpg\" alt=\"Posto de Bombeiros de Quiririm\" width=\"650\" height=\"433\" srcset=\"https:\/\/jornalcontato.com.br\/home\/wp-content\/uploads\/2016\/02\/10.jpg 650w, https:\/\/jornalcontato.com.br\/home\/wp-content\/uploads\/2016\/02\/10-300x199.jpg 300w\" sizes=\"auto, (max-width: 650px) 100vw, 650px\" \/><\/a><p id=\"caption-attachment-10335\" class=\"wp-caption-text\">Posto de Bombeiros de Quiririm<\/p><\/div>\n","protected":false},"excerpt":{"rendered":"<p>Na sexta-feira, 05, evento prestigiado pela c\u00fapula da secretaria da Seguran\u00e7a do Estado e v\u00e1rios pol\u00edticos da Regi\u00e3o, inaugurou o Posto de Bombeiros de Quiririm, &#8230;<\/p>\n","protected":false},"author":1,"featured_media":10325,"comment_status":"open","ping_status":"open","sticky":false,"template":"","format":"standard","meta":{"footnotes":""},"categories":[7],"tags":[],"class_list":["post-10324","post","type-post","status-publish","format-standard","has-post-thumbnail","hentry","category-reportagem"],"_links":{"self":[{"href":"https:\/\/www.jornalcontato.com.br\/home\/index.php\/wp-json\/wp\/v2\/posts\/10324","targetHints":{"allow":["GET"]}}],"collection":[{"href":"https:\/\/www.jornalcontato.com.br\/home\/index.php\/wp-json\/wp\/v2\/posts"}],"about":[{"href":"https:\/\/www.jornalcontato.com.br\/home\/index.php\/wp-json\/wp\/v2\/types\/post"}],"author":[{"embeddable":true,"href":"https:\/\/www.jornalcontato.com.br\/home\/index.php\/wp-json\/wp\/v2\/users\/1"}],"replies":[{"embeddable":true,"href":"https:\/\/www.jornalcontato.com.br\/home\/index.php\/wp-json\/wp\/v2\/comments?post=10324"}],"version-history":[{"count":5,"href":"https:\/\/www.jornalcontato.com.br\/home\/index.php\/wp-json\/wp\/v2\/posts\/10324\/revisions"}],"predecessor-version":[{"id":10337,"href":"https:\/\/www.jornalcontato.com.br\/home\/index.php\/wp-json\/wp\/v2\/posts\/10324\/revisions\/10337"}],"wp:featuredmedia":[{"embeddable":true,"href":"https:\/\/www.jornalcontato.com.br\/home\/index.php\/wp-json\/wp\/v2\/media\/10325"}],"wp:attachment":[{"href":"https:\/\/www.jornalcontato.com.br\/home\/index.php\/wp-json\/wp\/v2\/media?parent=10324"}],"wp:term":[{"taxonomy":"category","embeddable":true,"href":"https:\/\/www.jornalcontato.com.br\/home\/index.php\/wp-json\/wp\/v2\/categories?post=10324"},{"taxonomy":"post_tag","embeddable":true,"href":"https:\/\/www.jornalcontato.com.br\/home\/index.php\/wp-json\/wp\/v2\/tags?post=10324"}],"curies":[{"name":"wp","href":"https:\/\/api.w.org\/{rel}","templated":true}]}}