{"id":10263,"date":"2016-01-28T11:22:18","date_gmt":"2016-01-28T14:22:18","guid":{"rendered":"http:\/\/jornalcontato.com.br\/home\/?p=10263"},"modified":"2016-03-22T16:03:37","modified_gmt":"2016-03-22T19:03:37","slug":"governador-geraldo-alckmin-recebe-taubateanos","status":"publish","type":"post","link":"https:\/\/www.jornalcontato.com.br\/home\/index.php\/governador-geraldo-alckmin-recebe-taubateanos\/","title":{"rendered":"Governador Geraldo Alckmin recebe taubateanos"},"content":{"rendered":"<p><em>Jornal CONTATO retoma a atualiza\u00e7\u00e3o sistem\u00e1tica de sua vers\u00e3o digital. A vers\u00e3o impressa est\u00e1 programada para depois do Carnaval. Confira em primeira m\u00e3o uma not\u00edcia que nenhum \u00f3rg\u00e3o de imprensa veiculou a respeito de dois projetos: Trilha da Imaculada e Parque Romaria<\/em><!--more--><\/p>\n<p>&nbsp;<\/p>\n<p>No fim da tarde de quarta-feira, 13, uma delega\u00e7\u00e3o taubateana foi recebida pelo governador Geral Alckmin no Pal\u00e1cio dos Bandeirantes: o reitor da Unitau Jos\u00e9 Rui de Camargo, o artista Renato Teixeira, o produtor\u00a0e diretor de televis\u00e3o\u00a0Roberto Oliveira, irm\u00e3o de Renato, o arquiteto Andr\u00e9 Lompreta, da empresa De Fournier &amp; Associados de arquitetura e urbanismo e o diretor de reda\u00e7\u00e3o do CONTATO.<\/p>\n<p>A conversa que durou cerca de 03 horas abordou as linhas gerais do que poder\u00e3o se transformar em dois projetos: Parque Romaria e Trilha da Imaculada. O governador mostrou-se muito receptivo e prometeu apoiar os projetos. Como comentou Roberto ap\u00f3s o encontro: \u201cVirou conversa de caipira. S\u00f3 faltou cacha\u00e7a, porque todo o resto teve: fofoca, piadas, hist\u00f3rias do Vale, acho que at\u00e9 mentira contaram\u201d.<\/p>\n<p>O governador estava muito descontra\u00eddo e feliz. Entre as diversas hist\u00f3rias que rolaram, vale destacar a do conterr\u00e2neo pindense meio maluco que confidenciou ao governador que Frei Galv\u00e3o nasceu em Pindamonhangaba. Diante da enorme crise que poderia ser criada com Guaratinguet\u00e1, Alckmin recomendou ao conterr\u00e2neo: \u201cS\u00f3 n\u00f3s dois sabemos disso e n\u00e3o vamos contar para ningu\u00e9m\u201d. Sabedoria caipira ou&#8230;<\/p>\n<p>&nbsp;<\/p>\n<p><strong>Trilha da Imaculada<\/strong><\/p>\n<p>Trata-se de um \u201ccaminho ecol\u00f3gico, tur\u00edstico e cultural ligando as cidades de Ca\u00e7apava, Taubat\u00e9, Trememb\u00e9, Pindamonhangaba, Roseira, Aparecida e Guaratinguet\u00e1, para ser utilizado por turistas, pedestres, devotos, romeiros e pagadores de promessas. Trajeto exclusivo e protegido, para percorrer a p\u00e9, em bicicletas, montarias e minicarros el\u00e9tricos. Paradas tem\u00e1ticas e ramais de acesso a outros pontos de turismo religioso e cultural da regi\u00e3o\u201d.<\/p>\n<p>O governador mostrou-se receptivo e imediatamente determinou o envolvimento de tr\u00eas secretarias de estado para participar de um grupo de planejamento do projeto da trilha. Abriu ainda um canal direto de comunica\u00e7\u00e3o entre o grupo e a Casa Civil do governo, cujo secret\u00e1rio adjunto Fabr\u00edcio Cobra Arbex estava presente.<\/p>\n<p>&nbsp;<\/p>\n<p><strong>Parque Romaria<\/strong><\/p>\n<p><strong><\/strong>Trata-se de ideias para a constru\u00e7\u00e3o de um polo de desenvolvimento de turismo, cultura e tecnologia no Vale do Para\u00edba que poderia ser implantado na \u00e1rea conhecida como \u201cesquina do Brasil, localizada na conflu\u00eancia das rodovias Presidente Dutra Presidente Dutra e Carvalho Pinto.<\/p>\n<p>Existem outras ideias que est\u00e3o sendo pensadas por especialistas locais e que eventualmente poder\u00e3o ser incorporadas em um projeto \u00fanico.<\/p>\n<p>&nbsp;<\/p>\n<div id=\"attachment_10265\" style=\"width: 650px\" class=\"wp-caption aligncenter\"><a href=\"http:\/\/jornalcontato.com.br\/home\/wp-content\/uploads\/2016\/01\/1.jpg\"><img loading=\"lazy\" decoding=\"async\" aria-describedby=\"caption-attachment-10265\" class=\"size-full wp-image-10265\" title=\"Governador Alckmin cercado pelo amigo e empres\u00e1rio pindense Carlos Marcondes, Jos\u00e9 Rui, reitor da Unitau,  Renato Teixeira, Paulo de Tarso, arquiteto Andr\u00e9 Lompreta e Roberto de Oliveira\" src=\"http:\/\/jornalcontato.com.br\/home\/wp-content\/uploads\/2016\/01\/1.jpg\" alt=\"Governador Alckmin cercado pelo amigo e empres\u00e1rio pindense Carlos Marcondes, Jos\u00e9 Rui, reitor da Unitau,  Renato Teixeira, Paulo de Tarso, arquiteto Andr\u00e9 Lompreta e Roberto de Oliveira\" width=\"650\" height=\"433\" srcset=\"https:\/\/jornalcontato.com.br\/home\/wp-content\/uploads\/2016\/01\/1.jpg 650w, https:\/\/jornalcontato.com.br\/home\/wp-content\/uploads\/2016\/01\/1-300x199.jpg 300w\" sizes=\"auto, (max-width: 650px) 100vw, 650px\" \/><\/a><p id=\"caption-attachment-10265\" class=\"wp-caption-text\">Governador Alckmin cercado pelo amigo e empres\u00e1rio pindense Carlos Marcondes, Jos\u00e9 Rui, reitor da Unitau, Renato Teixeira, Paulo de Tarso, arquiteto Andr\u00e9 Lompreta e Roberto de Oliveira<\/p><\/div>\n<p>&nbsp;<\/p>\n<p><strong>Rea\u00e7\u00e3o<\/strong><\/p>\n<p><strong><\/strong>O governador parece ter ficado mais animado com o Parque Romaria, pensado tamb\u00e9m como um grande centro de eventos, espa\u00e7os para que a pr\u00f3pria Unitau possa ali construir uma cidade universit\u00e1ria, um complexo para receber romeiros e outro para servir de apoio a caminhoneiros, entre outros.<\/p>\n<p>Alckmin ressaltou que o problema da trilha dever\u00e1 ser o custo da desapropria\u00e7\u00e3o de terras para sua constru\u00e7\u00e3o.<\/p>\n<p>Na ocasi\u00e3o, o governador fez duas revela\u00e7\u00f5es: 1) uma vacina que estaria em fase final elaborada pela faculdade de Qu\u00edmica da UFSCAR para a preven\u00e7\u00e3o dos males provocados pelo Aedes aegypti; e 2) um rem\u00e9dio para o tratamento de c\u00e2ncer que estaria apresentando resultados excelentes. Se esses dois projetos tiverem sucesso, ser\u00e3o combust\u00edveis para a disputa eleitoral de 2018<\/p>\n","protected":false},"excerpt":{"rendered":"<p>Jornal CONTATO retoma a atualiza\u00e7\u00e3o sistem\u00e1tica de sua vers\u00e3o digital. A vers\u00e3o impressa est\u00e1 programada para depois do Carnaval. Confira em primeira m\u00e3o uma not\u00edcia &#8230;<\/p>\n","protected":false},"author":1,"featured_media":10264,"comment_status":"open","ping_status":"open","sticky":false,"template":"","format":"standard","meta":{"footnotes":""},"categories":[7],"tags":[],"class_list":["post-10263","post","type-post","status-publish","format-standard","has-post-thumbnail","hentry","category-reportagem"],"_links":{"self":[{"href":"https:\/\/www.jornalcontato.com.br\/home\/index.php\/wp-json\/wp\/v2\/posts\/10263","targetHints":{"allow":["GET"]}}],"collection":[{"href":"https:\/\/www.jornalcontato.com.br\/home\/index.php\/wp-json\/wp\/v2\/posts"}],"about":[{"href":"https:\/\/www.jornalcontato.com.br\/home\/index.php\/wp-json\/wp\/v2\/types\/post"}],"author":[{"embeddable":true,"href":"https:\/\/www.jornalcontato.com.br\/home\/index.php\/wp-json\/wp\/v2\/users\/1"}],"replies":[{"embeddable":true,"href":"https:\/\/www.jornalcontato.com.br\/home\/index.php\/wp-json\/wp\/v2\/comments?post=10263"}],"version-history":[{"count":9,"href":"https:\/\/www.jornalcontato.com.br\/home\/index.php\/wp-json\/wp\/v2\/posts\/10263\/revisions"}],"predecessor-version":[{"id":10267,"href":"https:\/\/www.jornalcontato.com.br\/home\/index.php\/wp-json\/wp\/v2\/posts\/10263\/revisions\/10267"}],"wp:featuredmedia":[{"embeddable":true,"href":"https:\/\/www.jornalcontato.com.br\/home\/index.php\/wp-json\/wp\/v2\/media\/10264"}],"wp:attachment":[{"href":"https:\/\/www.jornalcontato.com.br\/home\/index.php\/wp-json\/wp\/v2\/media?parent=10263"}],"wp:term":[{"taxonomy":"category","embeddable":true,"href":"https:\/\/www.jornalcontato.com.br\/home\/index.php\/wp-json\/wp\/v2\/categories?post=10263"},{"taxonomy":"post_tag","embeddable":true,"href":"https:\/\/www.jornalcontato.com.br\/home\/index.php\/wp-json\/wp\/v2\/tags?post=10263"}],"curies":[{"name":"wp","href":"https:\/\/api.w.org\/{rel}","templated":true}]}}