{"id":10102,"date":"2015-12-05T08:27:43","date_gmt":"2015-12-05T11:27:43","guid":{"rendered":"http:\/\/jornalcontato.com.br\/home\/?p=10102"},"modified":"2015-12-15T10:11:57","modified_gmt":"2015-12-15T13:11:57","slug":"moradores-vitimas-da-omissao-das-autoridades","status":"publish","type":"post","link":"https:\/\/www.jornalcontato.com.br\/home\/index.php\/moradores-vitimas-da-omissao-das-autoridades\/","title":{"rendered":"Moradores v\u00edtimas da omiss\u00e3o das autoridades"},"content":{"rendered":"<div class=\"mceTemp\">\n<div class=\"mceTemp\">\u00a0<strong>Moradora h\u00e1 18 anos no Residencial Santo Ant\u00f4nio denuncia que situa\u00e7\u00e3o da avenida Manoel Jos\u00e9 de Siqueira Mattos s\u00f3 piora; no domingo, 29, bastaram 30 minutos de chuva para as casas se encherem de \u00e1gua com esgoto e lama; <!--more-->Prefeitura alega que n\u00e3o tem dinheiro para solucionar esse e outros problemas de enchentes<\/strong><strong><br \/>\n<\/strong><\/div>\n<\/div>\n<p>No domingo, 29, a dona de casa Adriana Aparecida Costa, moradora da avenida h\u00e1 dezoito anos, fez uma publica\u00e7\u00e3o dram\u00e1tica pelas redes sociais, ilustrada com fotos abaixo.<\/p>\n<p><a href=\"http:\/\/jornalcontato.com.br\/home\/wp-content\/uploads\/2015\/12\/Foto-tirada-por-morador-2.jpg\"><img loading=\"lazy\" decoding=\"async\" class=\"alignnone size-full wp-image-10104\" title=\"Foto tirada por morador 2\" src=\"http:\/\/jornalcontato.com.br\/home\/wp-content\/uploads\/2015\/12\/Foto-tirada-por-morador-2.jpg\" alt=\"\" width=\"480\" height=\"640\" srcset=\"https:\/\/jornalcontato.com.br\/home\/wp-content\/uploads\/2015\/12\/Foto-tirada-por-morador-2.jpg 480w, https:\/\/jornalcontato.com.br\/home\/wp-content\/uploads\/2015\/12\/Foto-tirada-por-morador-2-225x300.jpg 225w\" sizes=\"auto, (max-width: 480px) 100vw, 480px\" \/><\/a><\/p>\n<p><a href=\"http:\/\/jornalcontato.com.br\/home\/wp-content\/uploads\/2015\/12\/Foto-tirada-por-morador-23.jpg\"><img loading=\"lazy\" decoding=\"async\" class=\"alignnone size-full wp-image-10108\" title=\"Foto tirada por morador 2\" src=\"http:\/\/jornalcontato.com.br\/home\/wp-content\/uploads\/2015\/12\/Foto-tirada-por-morador-23.jpg\" alt=\"\" width=\"480\" height=\"640\" srcset=\"https:\/\/jornalcontato.com.br\/home\/wp-content\/uploads\/2015\/12\/Foto-tirada-por-morador-23.jpg 480w, https:\/\/jornalcontato.com.br\/home\/wp-content\/uploads\/2015\/12\/Foto-tirada-por-morador-23-225x300.jpg 225w\" sizes=\"auto, (max-width: 480px) 100vw, 480px\" \/><\/a><\/p>\n<p>\u201cToda vez que chove \u00e9 isso. Enche a avenida de casa aqui no Residencial S\u00edtio Santo Ant\u00f4nio e ningu\u00e9m faz nada. Faz mais de 18 anos que moro aqui, j\u00e1 abriram a rua, colocaram canos. S\u00f3 piorou. Depois que abriram o t\u00fanel da Ch\u00e1cara Silvestre toda vez que tem chuva forte \u00e9 esse caos &#8230;\u201d<br \/>\nNathaly de Oliveira Costa, moradora da mesma avenida, relata que j\u00e1 perdeu a conta dos preju\u00edzos que teve com m\u00f3veis, roupas, eletrodom\u00e9sticos e utens\u00edlios que perdeu devido a inunda\u00e7\u00f5es.<br \/>\nEssa situa\u00e7\u00e3o \u00e9 resultado da falta de planejamento das a\u00e7\u00f5es da Prefeitura. Os t\u00e9cnicos n\u00e3o conseguem planejar a cidade. Em 2015, \u00e9 a terceira vez que os moradores sofrem com inunda\u00e7\u00f5es e se sentem abandonados pela administra\u00e7\u00e3o p\u00fablica.<\/p>\n<p>Hist\u00f3rico<br \/>\nS\u00edtio Santo Ant\u00f4nio era uma propriedade da Caixa Econ\u00f4mica Federal, CEF, cortado por um pequeno c\u00f3rrego onde as crian\u00e7as brincavam pegando pequenos peixes. At\u00e9 meados da d\u00e9cada de 1980, s\u00f3 havia um casal de sitiantes, L\u00e9o e Ol\u00edvia, que vivia da venda de leite, hortali\u00e7as, verduras e caqui.<br \/>\nNo final daquela d\u00e9cada, a CEF implantou ali um conjunto residencial. dando origem ao bairro S\u00edtio Santo Ant\u00f4nio, com mais de 1.200 casas. Por\u00e9m, o empreendimento foi paralisado e nenhuma infraestrutura chegou a ser implantada.<br \/>\nJ\u00e1 na d\u00e9cada de 1990, a cria\u00e7\u00e3o do CAvEx atraiu muitos militares. Havia falta de moradias e atrav\u00e9s do Clube dos Sargentos iniciou-se uma negocia\u00e7\u00e3o entre o Ex\u00e9rcito e a administra\u00e7\u00e3o da CEF, em Bras\u00edlia para que os militares pudessem adquirir as casas que estavam abandonadas e\/ou semiconstru\u00eddas. A CEF alegava que o empreendimento se tornara invi\u00e1vel devido ao volume de investimentos necess\u00e1rios em infraestrutura.<br \/>\nOs militares se prontificaram a intervir junto \u00e0 Prefeitura para obter a libera\u00e7\u00e3o da venda das casas, no est\u00e1gio em que se encontravam, sem a necess\u00e1ria infraestrutura.<br \/>\nAntigos moradores da regi\u00e3o contam que o prefeito da \u00e9poca, Bernardo Ortiz, teria autorizado a libera\u00e7\u00e3o do empreendimento e a pr\u00f3pria Prefeitura executou a pavimenta\u00e7\u00e3o, ilumina\u00e7\u00e3o p\u00fablica e a canaliza\u00e7\u00e3o de um c\u00f3rrego.<br \/>\nEssas interven\u00e7\u00f5es resultaram em in\u00fameros problemas para o Residencial Santo Ant\u00f4nio e a Guril\u00e2ndia. A secretaria de Obras algum tempo depois fez outras interven\u00e7\u00f5es e desviou o curso do c\u00f3rrego para uma vala de drenagem que ela pr\u00f3pria construiu nas proximidades das resid\u00eancias na avenida Cinderela.<br \/>\nOs moradores sabem que se provid\u00eancias n\u00e3o forem tomadas logo, os problemas tendem a se agravar mais ainda. A \u00e1rea impermeabilizada no entorno, por exemplo, est\u00e1 aumentando, in\u00fameros empreendimentos est\u00e3o surgindo, a pr\u00f3pria Prefeitura est\u00e1 construindo o Parque Tecnol\u00f3gico no Distrito Industrial do Una.<\/p>\n<p>OUTRO LADO<br \/>\nSecret\u00e1rio de Obras, o engenheiro Jo\u00e3o Bebiano, na ter\u00e7a-feira, 01, participou da inaugura\u00e7\u00e3o de uma obra e foi entrevistado pela nossa reportagem.<br \/>\nJornal CONTATO: O secret\u00e1rio tem alguma solu\u00e7\u00e3o para esse caso?<br \/>\nEng. BEBIANO: O projeto para a constru\u00e7\u00e3o de uma bacia de conten\u00e7\u00e3o na Ch\u00e1cara Silvestre, que ir\u00e1 solucionar esse problema j\u00e1 est\u00e1 pronto. Faltam apenas recursos para fazer. N\u00e3o conseguimos fazer isso nesse ano e n\u00e3o sei se para o ano que vem haver\u00e1 possibilidade de reservar dinheiro do or\u00e7amento para essa obra.<br \/>\nJC: A popula\u00e7\u00e3o reclama que h\u00e1 mais de 18 anos sofre com esse problema. A atual administra\u00e7\u00e3o est\u00e1 h\u00e1 tr\u00eas anos no governo. N\u00e3o existe resposta da Prefeitura para essa popula\u00e7\u00e3o?<br \/>\nEB: Estamos utilizando os recursos do or\u00e7amento que a C\u00e2mara aprovou. Se houver recursos aprovados em 2016 para essas obras, no ano que vem ela ser\u00e1 realizada.<br \/>\nJC: Mas Secret\u00e1rio, n\u00e3o h\u00e1 nenhuma provid\u00eancia que possa ser tomada?<br \/>\nEB: N\u00e3o \u00e9 s\u00f3 nesse local. Eu prefiro dizer a verdade. N\u00e3o temos recursos para prometer que vamos fazer e daqui a seis meses ser cobrado por n\u00e3o ter feito nada. N\u00f3s fizemos o projeto para solucionar os problemas de inunda\u00e7\u00e3o e apresentamos.<br \/>\nJCONTATO: Em que consiste exatamente esse projeto e qual seu custo?<br \/>\nEB: Consiste na constru\u00e7\u00e3o de uma bacia de amortecimento, de conten\u00e7\u00e3o das \u00e1guas \u00e0 montante da via Dutra, ao lado da Ch\u00e1cara Silvestre. A execu\u00e7\u00e3o desse projeto deve custar em torno de R$ 4 milh\u00f5es.<\/p>\n<p><a href=\"http:\/\/jornalcontato.com.br\/home\/wp-content\/uploads\/2015\/12\/Reduzida-13.jpg\"><img loading=\"lazy\" decoding=\"async\" class=\"alignnone size-full wp-image-10115\" title=\"Reduzida 1\" src=\"http:\/\/jornalcontato.com.br\/home\/wp-content\/uploads\/2015\/12\/Reduzida-13.jpg\" alt=\"\" width=\"500\" height=\"333\" srcset=\"https:\/\/jornalcontato.com.br\/home\/wp-content\/uploads\/2015\/12\/Reduzida-13.jpg 500w, https:\/\/jornalcontato.com.br\/home\/wp-content\/uploads\/2015\/12\/Reduzida-13-300x199.jpg 300w\" sizes=\"auto, (max-width: 500px) 100vw, 500px\" \/><\/a><\/p>\n<p>&nbsp;<\/p>\n","protected":false},"excerpt":{"rendered":"<p>\u00a0Moradora h\u00e1 18 anos no Residencial Santo Ant\u00f4nio denuncia que situa\u00e7\u00e3o da avenida Manoel Jos\u00e9 de Siqueira Mattos s\u00f3 piora; no domingo, 29, bastaram 30 &#8230;<\/p>\n","protected":false},"author":1,"featured_media":10103,"comment_status":"open","ping_status":"open","sticky":false,"template":"","format":"standard","meta":{"footnotes":""},"categories":[7],"tags":[],"class_list":["post-10102","post","type-post","status-publish","format-standard","has-post-thumbnail","hentry","category-reportagem"],"_links":{"self":[{"href":"https:\/\/www.jornalcontato.com.br\/home\/index.php\/wp-json\/wp\/v2\/posts\/10102","targetHints":{"allow":["GET"]}}],"collection":[{"href":"https:\/\/www.jornalcontato.com.br\/home\/index.php\/wp-json\/wp\/v2\/posts"}],"about":[{"href":"https:\/\/www.jornalcontato.com.br\/home\/index.php\/wp-json\/wp\/v2\/types\/post"}],"author":[{"embeddable":true,"href":"https:\/\/www.jornalcontato.com.br\/home\/index.php\/wp-json\/wp\/v2\/users\/1"}],"replies":[{"embeddable":true,"href":"https:\/\/www.jornalcontato.com.br\/home\/index.php\/wp-json\/wp\/v2\/comments?post=10102"}],"version-history":[{"count":5,"href":"https:\/\/www.jornalcontato.com.br\/home\/index.php\/wp-json\/wp\/v2\/posts\/10102\/revisions"}],"predecessor-version":[{"id":10221,"href":"https:\/\/www.jornalcontato.com.br\/home\/index.php\/wp-json\/wp\/v2\/posts\/10102\/revisions\/10221"}],"wp:featuredmedia":[{"embeddable":true,"href":"https:\/\/www.jornalcontato.com.br\/home\/index.php\/wp-json\/wp\/v2\/media\/10103"}],"wp:attachment":[{"href":"https:\/\/www.jornalcontato.com.br\/home\/index.php\/wp-json\/wp\/v2\/media?parent=10102"}],"wp:term":[{"taxonomy":"category","embeddable":true,"href":"https:\/\/www.jornalcontato.com.br\/home\/index.php\/wp-json\/wp\/v2\/categories?post=10102"},{"taxonomy":"post_tag","embeddable":true,"href":"https:\/\/www.jornalcontato.com.br\/home\/index.php\/wp-json\/wp\/v2\/tags?post=10102"}],"curies":[{"name":"wp","href":"https:\/\/api.w.org\/{rel}","templated":true}]}}