{"id":10091,"date":"2015-12-02T15:48:23","date_gmt":"2015-12-02T18:48:23","guid":{"rendered":"http:\/\/jornalcontato.com.br\/home\/?p=10091"},"modified":"2016-04-05T16:11:04","modified_gmt":"2016-04-05T19:11:04","slug":"me-engana-que-eu-gosto-pt","status":"publish","type":"post","link":"https:\/\/www.jornalcontato.com.br\/home\/index.php\/me-engana-que-eu-gosto-pt\/","title":{"rendered":"Me engana que eu gosto, PT"},"content":{"rendered":"<p><strong>No in\u00edcio da tarde dessa quarta-feira, 02, a bancada do Partido dos Trabalhadores na C\u00e2mara dos Deputados anunciou que votar\u00e1 pela continuidade do processo de cassa\u00e7\u00e3o do presidente daquela Casa, deputado Eduardo Cunha (PMDB\/RJ).<\/strong><!--more--> Os nobres parlamentares teriam cedido \u00e0 press\u00e3o do presidente da sigla, Rui Falc\u00e3o, e da pr\u00f3pria milit\u00e2ncia. Cascata pura!<\/p>\n<p>Falc\u00e3o n\u00e3o disp\u00f5e dessa bola toda. Sempre agiu como pau mandado de Jos\u00e9 Dirceu e, mais recentemente, do ex-presidente Lu\u00eds In\u00e1cio Lula da Silva. Como lideran\u00e7a do PT, Falc\u00e3o \u00e9 uma figura sem qualquer prest\u00edgio. S\u00f3 \u00e9 ouvido quando se expressa como boneco do ventr\u00edloquo grande chefe.<\/p>\n<p>Nesse momento, seu discurso expressa uma estrat\u00e9gia do grupo de Lula voltada para 2018. Ou seja, o governo Dilma est\u00e1 literalmente rifado pelo PT. Essa \u00e9 a grande verdade. E, como n\u00e3o existe qualquer possibilidade de sobreviv\u00eancia caso permane\u00e7am nesse barco furado, \u00e9 melhor partir para a retomada do poder em 2018.<\/p>\n<p>&nbsp;<\/p>\n<div id=\"attachment_10094\" style=\"width: 500px\" class=\"wp-caption alignnone\"><img loading=\"lazy\" decoding=\"async\" aria-describedby=\"caption-attachment-10094\" class=\"size-full wp-image-10094 aligncenter\" title=\"Petistas\" src=\"http:\/\/jornalcontato.com.br\/home\/wp-content\/uploads\/2015\/12\/Petistas.jpg\" alt=\"\" width=\"500\" height=\"301\" srcset=\"https:\/\/jornalcontato.com.br\/home\/wp-content\/uploads\/2015\/12\/Petistas.jpg 500w, https:\/\/jornalcontato.com.br\/home\/wp-content\/uploads\/2015\/12\/Petistas-300x180.jpg 300w\" sizes=\"auto, (max-width: 500px) 100vw, 500px\" \/><p id=\"caption-attachment-10094\" class=\"wp-caption-text\">Petistas trocam figurinhas no Conselho de \u00c9tica da C\u00e2mara<\/p><\/div>\n<p>&nbsp;<\/p>\n<p>A vit\u00f3ria s\u00f3 ser\u00e1 vi\u00e1vel caso o PT se afaste literalmente do governo Dilma Roussef. E o melhor caminho \u00e9 lan\u00e7\u00e1-la aos abutres famintos da \u201coposi\u00e7\u00e3o\u201d para permitir e facilitar o processo de impeachment.<\/p>\n<p>Consumado o afastamento da presidente, assumir\u00e1 o vice Michel Temer (PMDB), tal qual ocorreu com Itamar Franco quando Fernando Collor foi afastado em 1992. Naquela ocasi\u00e3o, apesar de ter participado e at\u00e9 liderado alguns epis\u00f3dios que levaram ao impeachment do ent\u00e3o presidente Collor, o PT se recusou de participar do novo governo e n\u00e3o vacilou em expulsar do PT lideran\u00e7as como Luiza Erundina, ex-prefeita de S\u00e3o Paulo. Erundina aceitou e assumiu, em 1993, o cargo de ministra-chefe da Secretaria da Administra\u00e7\u00e3o Federal. Pol\u00edtico h\u00e1bil e honesto, Itamar Franco constituiu um governo de coaliz\u00e3o pol\u00edtica formado por pol\u00edticos e lideran\u00e7as de diferentes correntes.<\/p>\n<p>J\u00e1 dizia um fil\u00f3sofo que a hist\u00f3ria n\u00e3o se repete. Mas os ide\u00f3logos petistas esqueceram tudo o que j\u00e1 pregaram. E partiram para a montagem da farsa \u2013 repetir o que fizeram no impeachment de Collor \u2013 como oposi\u00e7\u00e3o ferrenha ao governo de Michel Temer. E pavimentar o caminho para o retorno de Lula em 2018.<\/p>\n<p>Mas, como dizia o poeta, existe uma pedra no meio do caminho, uma surpresa agrad\u00e1vel, que se chama Poder Judici\u00e1rio.<\/p>\n","protected":false},"excerpt":{"rendered":"<p>No in\u00edcio da tarde dessa quarta-feira, 02, a bancada do Partido dos Trabalhadores na C\u00e2mara dos Deputados anunciou que votar\u00e1 pela continuidade do processo de &#8230;<\/p>\n","protected":false},"author":1,"featured_media":10092,"comment_status":"open","ping_status":"open","sticky":false,"template":"","format":"standard","meta":{"footnotes":""},"categories":[1,7],"tags":[],"class_list":["post-10091","post","type-post","status-publish","format-standard","has-post-thumbnail","hentry","category-nacional","category-reportagem"],"_links":{"self":[{"href":"https:\/\/www.jornalcontato.com.br\/home\/index.php\/wp-json\/wp\/v2\/posts\/10091","targetHints":{"allow":["GET"]}}],"collection":[{"href":"https:\/\/www.jornalcontato.com.br\/home\/index.php\/wp-json\/wp\/v2\/posts"}],"about":[{"href":"https:\/\/www.jornalcontato.com.br\/home\/index.php\/wp-json\/wp\/v2\/types\/post"}],"author":[{"embeddable":true,"href":"https:\/\/www.jornalcontato.com.br\/home\/index.php\/wp-json\/wp\/v2\/users\/1"}],"replies":[{"embeddable":true,"href":"https:\/\/www.jornalcontato.com.br\/home\/index.php\/wp-json\/wp\/v2\/comments?post=10091"}],"version-history":[{"count":9,"href":"https:\/\/www.jornalcontato.com.br\/home\/index.php\/wp-json\/wp\/v2\/posts\/10091\/revisions"}],"predecessor-version":[{"id":10916,"href":"https:\/\/www.jornalcontato.com.br\/home\/index.php\/wp-json\/wp\/v2\/posts\/10091\/revisions\/10916"}],"wp:featuredmedia":[{"embeddable":true,"href":"https:\/\/www.jornalcontato.com.br\/home\/index.php\/wp-json\/wp\/v2\/media\/10092"}],"wp:attachment":[{"href":"https:\/\/www.jornalcontato.com.br\/home\/index.php\/wp-json\/wp\/v2\/media?parent=10091"}],"wp:term":[{"taxonomy":"category","embeddable":true,"href":"https:\/\/www.jornalcontato.com.br\/home\/index.php\/wp-json\/wp\/v2\/categories?post=10091"},{"taxonomy":"post_tag","embeddable":true,"href":"https:\/\/www.jornalcontato.com.br\/home\/index.php\/wp-json\/wp\/v2\/tags?post=10091"}],"curies":[{"name":"wp","href":"https:\/\/api.w.org\/{rel}","templated":true}]}}