{"id":10078,"date":"2015-11-30T13:12:09","date_gmt":"2015-11-30T16:12:09","guid":{"rendered":"http:\/\/jornalcontato.com.br\/home\/?p=10078"},"modified":"2015-12-09T09:22:31","modified_gmt":"2015-12-09T12:22:31","slug":"assaltado-santander-da-praca-santa-terezinha","status":"publish","type":"post","link":"https:\/\/www.jornalcontato.com.br\/home\/index.php\/assaltado-santander-da-praca-santa-terezinha\/","title":{"rendered":"Assaltado Santander da pra\u00e7a Santa Terezinha"},"content":{"rendered":"<p><em><strong>Pelo menos tr\u00eas assaltantes participaram do assalto nesta segunda-feira, 30, por volta de 10h30; acionada, a Pol\u00edcia Militar chegou depois que os bandidos j\u00e1 haviam fugido levando quantia ainda n\u00e3o informada.<\/strong><\/em><!--more--><br \/>\nClientes da agencia que utilizam os caixas eletr\u00f4nicos na parte da frente da ag\u00eancia do Banco Santander localizada na pra\u00e7a Santa Terezinha nem chegaram a perceber a a\u00e7\u00e3o dos meliantes. S\u00f3 souberam do assalto quando a Pol\u00edcia Militar chegou por volta das 11h:00.<\/p>\n<p>Segundo o Tenente Reviere, a ag\u00eancia foi cercada pela PM e, ap\u00f3s uma vistoria em todas as depend\u00eancias, n\u00e3o foi encontrado nenhum elemento estranho. Apenas funcion\u00e1rios permaneciam no pr\u00e9dio.<\/p>\n<p><a href=\"http:\/\/jornalcontato.com.br\/home\/wp-content\/uploads\/2015\/11\/Reduzida-2.jpg\"><img loading=\"lazy\" decoding=\"async\" class=\"alignnone size-full wp-image-10080\" title=\"Reduzida 2\" src=\"http:\/\/jornalcontato.com.br\/home\/wp-content\/uploads\/2015\/11\/Reduzida-2.jpg\" alt=\"\" width=\"384\" height=\"576\" srcset=\"https:\/\/jornalcontato.com.br\/home\/wp-content\/uploads\/2015\/11\/Reduzida-2.jpg 384w, https:\/\/jornalcontato.com.br\/home\/wp-content\/uploads\/2015\/11\/Reduzida-2-200x300.jpg 200w\" sizes=\"auto, (max-width: 384px) 100vw, 384px\" \/><\/a><\/p>\n<p>Os funcion\u00e1rios informaram que os bandidos deixaram a ag\u00eancia provavelmente pela lateral do pr\u00e9dio, na rua Floriano Peixoto, j\u00e1 que na frente ningu\u00e9m percebeu a a\u00e7\u00e3o dos marginais. Na lateral havia ind\u00edcios de que uma janela fora arrombada.<\/p>\n<p>Pelo menos tr\u00eas bandidos armados com pistolas e rev\u00f3lveres teriam adentrado a ag\u00eancia e levado malotes com dinheiros. Eles renderam os funcion\u00e1rios e ap\u00f3s recolher os valores empreenderam fuga possivelmente apoiados por algu\u00e9m que deve ter permanecido na parte externa. Como as pessoas que estavam fora da ag\u00eancia n\u00e3o perceberam o assalto, a fuga n\u00e3o chamou a aten\u00e7\u00e3o de ningu\u00e9m.<\/p>\n","protected":false},"excerpt":{"rendered":"<p>Pelo menos tr\u00eas assaltantes participaram do assalto nesta segunda-feira, 30, por volta de 10h30; acionada, a Pol\u00edcia Militar chegou depois que os bandidos j\u00e1 haviam &#8230;<\/p>\n","protected":false},"author":1,"featured_media":10079,"comment_status":"open","ping_status":"open","sticky":false,"template":"","format":"standard","meta":{"footnotes":""},"categories":[7],"tags":[],"class_list":["post-10078","post","type-post","status-publish","format-standard","has-post-thumbnail","hentry","category-reportagem"],"_links":{"self":[{"href":"https:\/\/www.jornalcontato.com.br\/home\/index.php\/wp-json\/wp\/v2\/posts\/10078","targetHints":{"allow":["GET"]}}],"collection":[{"href":"https:\/\/www.jornalcontato.com.br\/home\/index.php\/wp-json\/wp\/v2\/posts"}],"about":[{"href":"https:\/\/www.jornalcontato.com.br\/home\/index.php\/wp-json\/wp\/v2\/types\/post"}],"author":[{"embeddable":true,"href":"https:\/\/www.jornalcontato.com.br\/home\/index.php\/wp-json\/wp\/v2\/users\/1"}],"replies":[{"embeddable":true,"href":"https:\/\/www.jornalcontato.com.br\/home\/index.php\/wp-json\/wp\/v2\/comments?post=10078"}],"version-history":[{"count":7,"href":"https:\/\/www.jornalcontato.com.br\/home\/index.php\/wp-json\/wp\/v2\/posts\/10078\/revisions"}],"predecessor-version":[{"id":10137,"href":"https:\/\/www.jornalcontato.com.br\/home\/index.php\/wp-json\/wp\/v2\/posts\/10078\/revisions\/10137"}],"wp:featuredmedia":[{"embeddable":true,"href":"https:\/\/www.jornalcontato.com.br\/home\/index.php\/wp-json\/wp\/v2\/media\/10079"}],"wp:attachment":[{"href":"https:\/\/www.jornalcontato.com.br\/home\/index.php\/wp-json\/wp\/v2\/media?parent=10078"}],"wp:term":[{"taxonomy":"category","embeddable":true,"href":"https:\/\/www.jornalcontato.com.br\/home\/index.php\/wp-json\/wp\/v2\/categories?post=10078"},{"taxonomy":"post_tag","embeddable":true,"href":"https:\/\/www.jornalcontato.com.br\/home\/index.php\/wp-json\/wp\/v2\/tags?post=10078"}],"curies":[{"name":"wp","href":"https:\/\/api.w.org\/{rel}","templated":true}]}}