{"id":10072,"date":"2015-11-25T14:08:29","date_gmt":"2015-11-25T17:08:29","guid":{"rendered":"http:\/\/jornalcontato.com.br\/home\/?p=10072"},"modified":"2015-12-09T09:22:25","modified_gmt":"2015-12-09T12:22:25","slug":"brasilia-1-x-1-taubate","status":"publish","type":"post","link":"https:\/\/www.jornalcontato.com.br\/home\/index.php\/brasilia-1-x-1-taubate\/","title":{"rendered":"Bras\u00edlia 1 X 1 Taubat\u00e9"},"content":{"rendered":"<p>N\u00e3o se trata de futebol ou de qualquer outro esporte. Mas Bras\u00edlia saiu na frente porque enquanto l\u00e1 \u00e9 preso o l\u00edder do governo no Senado, o senador Delc\u00eddio do Amaral (PT), na terra de Lobato, o l\u00edder do prefeito, vereador Luizinho da Farm\u00e1cia (PROS), foi condenado a 9 anos de pris\u00e3o, com direito a recorrer em liberdade.<!--more--><\/p>\n<p>Os petistas devem estar estressados e apreensivos porque nunca antes nessa terra descoberta por Cabral fora preso um senador em pleno exerc\u00edcio de seu mandato e de quebra, al\u00e9m do seu chefe de gabinete no Senado, ainda levou um banqueiro junto.<\/p>\n<p>Na terra de Lobato, Luizinho fica estressado quando a imprensa trata desse assunto. O vereador, al\u00e9m de atacar o Jornal CONTATO na sess\u00e3o de segunda-feira, 23, fez quest\u00e3o de manifestar seu inconformismo. Segundo o parlamentar, ele teria doado os ve\u00edculos da C\u00e2mara a entidades beneficentes em ano eleitoral porque havia um parecer jur\u00eddico favor\u00e1vel feito por um dos procuradores da C\u00e2mara.<\/p>\n<p>Luizinho declarou nessa mesma sess\u00e3o da C\u00e2mara \u201cN\u00e3o quero mais sofrer a\u00e7\u00e3o aqui, dentro dessa Casa, com parecer jur\u00eddico que n\u00e3o vale nada\u201d. O fato ocorreu em maio 2012 e o parecer \u00e9 assinado pelo Procurador Jur\u00eddico Jos\u00e9 Nivaldo Granato. Vereador Luizinho era o presidente da C\u00e2mara.<\/p>\n<p>Pequeno enorme detalhe: Granato estava contratado sob a regime de comiss\u00e3o, portanto, era um funcion\u00e1rio de confian\u00e7a da Mesa Diretora. Ou seja, Granato n\u00e3o era funcion\u00e1rio de carreira concursado.<\/p>\n","protected":false},"excerpt":{"rendered":"<p>N\u00e3o se trata de futebol ou de qualquer outro esporte. Mas Bras\u00edlia saiu na frente porque enquanto l\u00e1 \u00e9 preso o l\u00edder do governo no &#8230;<\/p>\n","protected":false},"author":1,"featured_media":10073,"comment_status":"open","ping_status":"open","sticky":false,"template":"","format":"standard","meta":{"footnotes":""},"categories":[7],"tags":[],"class_list":["post-10072","post","type-post","status-publish","format-standard","has-post-thumbnail","hentry","category-reportagem"],"_links":{"self":[{"href":"https:\/\/www.jornalcontato.com.br\/home\/index.php\/wp-json\/wp\/v2\/posts\/10072","targetHints":{"allow":["GET"]}}],"collection":[{"href":"https:\/\/www.jornalcontato.com.br\/home\/index.php\/wp-json\/wp\/v2\/posts"}],"about":[{"href":"https:\/\/www.jornalcontato.com.br\/home\/index.php\/wp-json\/wp\/v2\/types\/post"}],"author":[{"embeddable":true,"href":"https:\/\/www.jornalcontato.com.br\/home\/index.php\/wp-json\/wp\/v2\/users\/1"}],"replies":[{"embeddable":true,"href":"https:\/\/www.jornalcontato.com.br\/home\/index.php\/wp-json\/wp\/v2\/comments?post=10072"}],"version-history":[{"count":4,"href":"https:\/\/www.jornalcontato.com.br\/home\/index.php\/wp-json\/wp\/v2\/posts\/10072\/revisions"}],"predecessor-version":[{"id":10136,"href":"https:\/\/www.jornalcontato.com.br\/home\/index.php\/wp-json\/wp\/v2\/posts\/10072\/revisions\/10136"}],"wp:featuredmedia":[{"embeddable":true,"href":"https:\/\/www.jornalcontato.com.br\/home\/index.php\/wp-json\/wp\/v2\/media\/10073"}],"wp:attachment":[{"href":"https:\/\/www.jornalcontato.com.br\/home\/index.php\/wp-json\/wp\/v2\/media?parent=10072"}],"wp:term":[{"taxonomy":"category","embeddable":true,"href":"https:\/\/www.jornalcontato.com.br\/home\/index.php\/wp-json\/wp\/v2\/categories?post=10072"},{"taxonomy":"post_tag","embeddable":true,"href":"https:\/\/www.jornalcontato.com.br\/home\/index.php\/wp-json\/wp\/v2\/tags?post=10072"}],"curies":[{"name":"wp","href":"https:\/\/api.w.org\/{rel}","templated":true}]}}