{"id":10053,"date":"2015-11-23T14:10:51","date_gmt":"2015-11-23T17:10:51","guid":{"rendered":"http:\/\/jornalcontato.com.br\/home\/?p=10053"},"modified":"2015-12-09T09:22:12","modified_gmt":"2015-12-09T12:22:12","slug":"julgamento-do-prefeito-ortiz-jr-caravana-anda","status":"publish","type":"post","link":"https:\/\/www.jornalcontato.com.br\/home\/index.php\/julgamento-do-prefeito-ortiz-jr-caravana-anda\/","title":{"rendered":"Julgamento do prefeito Ortiz Jr: caravana anda&#8230;"},"content":{"rendered":"<p><em><strong>O julgamento do prefeito Ortiz J\u00fanior faz parte da pauta de julgamento n\u1d52102\/2015 e poder\u00e1 ter seu desfecho a partir da pr\u00f3xima quinta-feira, 26.<\/strong><\/em><\/p>\n<p><!--more--><\/p>\n<p>No julgamento ser\u00e3o avaliados simultaneamente: 1) a A\u00e7\u00e3o Cautelar impetrada pelo prefeito Ortiz J\u00fanior e a coliga\u00e7\u00e3o Taubat\u00e9 com Tudo de Novo que garantia a liminar que mant\u00e9m Ortiz J\u00fanior no cargo de prefeito; e 2) o Recurso Especial Eleitoral n\u1d52 587-38.2012.6.26.0141, da 141\u00aa Zona Eleitoral, de Taubat\u00e9 que envolve as tr\u00eas partes: o prefeito, a coliga\u00e7\u00e3o e o MPE \u2013 Minist\u00e9rio P\u00fablico Eleitoral.<\/p>\n<p>Nesse julgamento, o Tribunal Superior Eleitoral \u2013 TSE praticamente definir\u00e1 a sorte do mandato do prefeito e do seu vice. Entretanto, existe ainda um ponto que poder\u00e1 dar-lhe alguma sobrevida: entrar com recurso junto ao Supremo Tribunal Federal, inst\u00e2ncia m\u00e1xima da Justi\u00e7a no Brasil. Por\u00e9m, existem opini\u00f5es de que n\u00e3o caberia mais recurso pelo fato de o TSE ser a \u00faltima inst\u00e2ncia eleitoral.<\/p>\n<p>De qualquer forma, se a decis\u00e3o do TSE for desfavor\u00e1vel ao prefeito Ortiz J\u00fanior, mesmo que ele consiga terminar seu mandato, dificilmente ter\u00e1 condi\u00e7\u00f5es de disputar a reelei\u00e7\u00e3o, em 2016.<\/p>\n<p>Fa\u00e7am suas apostas!<\/p>\n<p><a href=\"http:\/\/jornalcontato.com.br\/home\/wp-content\/uploads\/2015\/11\/Ministro-Herman-Benjamin.jpg\"><img loading=\"lazy\" decoding=\"async\" class=\"size-full wp-image-10060 aligncenter\" title=\"Ministro Herman Benjamin\" src=\"http:\/\/jornalcontato.com.br\/home\/wp-content\/uploads\/2015\/11\/Ministro-Herman-Benjamin.jpg\" alt=\"\" width=\"398\" height=\"284\" srcset=\"https:\/\/jornalcontato.com.br\/home\/wp-content\/uploads\/2015\/11\/Ministro-Herman-Benjamin.jpg 398w, https:\/\/jornalcontato.com.br\/home\/wp-content\/uploads\/2015\/11\/Ministro-Herman-Benjamin-300x214.jpg 300w\" sizes=\"auto, (max-width: 398px) 100vw, 398px\" \/><\/a><\/p>\n<p><em><strong>Recordando<\/strong><\/em><\/p>\n<p>Conforme publicado anteriormente, em 25 de agosto, o DJE (D\u00e1rio da Justi\u00e7a Eletr\u00f4nico) publicou a decis\u00e3o de Jo\u00e3o Ot\u00e1vio de Noronha, ent\u00e3o ministro do TSE e relator do processo 58738 que definir\u00e1 a sorte do prefeito Ortiz J\u00fanior (PSDB), sobre os tr\u00eas agravos interpostos 1) pelo prefeito e seu pai; 2) pela Coliga\u00e7\u00e3o Taubat\u00e9 com Tudo de Novo; e 3) pelo Minist\u00e9rio P\u00fablico Eleitoral: deu provimento aos agravos para admitir os recursos especiais e tamb\u00e9m determinou a intima\u00e7\u00e3o das partes contr\u00e1rias para a apresenta\u00e7\u00e3o de contrarraz\u00f5es.<\/p>\n<p>Ministro Herman Benjamin (foto) substituiu Jo\u00e3o Noronha no TSE, assumiu a relatoria do processo e tem feito jus \u00e0 sua fama de n\u00e3o deixar acumular processos em seu gabinete.<\/p>\n","protected":false},"excerpt":{"rendered":"<p>O julgamento do prefeito Ortiz J\u00fanior faz parte da pauta de julgamento n\u1d52102\/2015 e poder\u00e1 ter seu desfecho a partir da pr\u00f3xima quinta-feira, 26.<\/p>\n","protected":false},"author":1,"featured_media":10064,"comment_status":"open","ping_status":"open","sticky":false,"template":"","format":"standard","meta":{"footnotes":""},"categories":[7],"tags":[],"class_list":["post-10053","post","type-post","status-publish","format-standard","has-post-thumbnail","hentry","category-reportagem"],"_links":{"self":[{"href":"https:\/\/www.jornalcontato.com.br\/home\/index.php\/wp-json\/wp\/v2\/posts\/10053","targetHints":{"allow":["GET"]}}],"collection":[{"href":"https:\/\/www.jornalcontato.com.br\/home\/index.php\/wp-json\/wp\/v2\/posts"}],"about":[{"href":"https:\/\/www.jornalcontato.com.br\/home\/index.php\/wp-json\/wp\/v2\/types\/post"}],"author":[{"embeddable":true,"href":"https:\/\/www.jornalcontato.com.br\/home\/index.php\/wp-json\/wp\/v2\/users\/1"}],"replies":[{"embeddable":true,"href":"https:\/\/www.jornalcontato.com.br\/home\/index.php\/wp-json\/wp\/v2\/comments?post=10053"}],"version-history":[{"count":12,"href":"https:\/\/www.jornalcontato.com.br\/home\/index.php\/wp-json\/wp\/v2\/posts\/10053\/revisions"}],"predecessor-version":[{"id":10063,"href":"https:\/\/www.jornalcontato.com.br\/home\/index.php\/wp-json\/wp\/v2\/posts\/10053\/revisions\/10063"}],"wp:featuredmedia":[{"embeddable":true,"href":"https:\/\/www.jornalcontato.com.br\/home\/index.php\/wp-json\/wp\/v2\/media\/10064"}],"wp:attachment":[{"href":"https:\/\/www.jornalcontato.com.br\/home\/index.php\/wp-json\/wp\/v2\/media?parent=10053"}],"wp:term":[{"taxonomy":"category","embeddable":true,"href":"https:\/\/www.jornalcontato.com.br\/home\/index.php\/wp-json\/wp\/v2\/categories?post=10053"},{"taxonomy":"post_tag","embeddable":true,"href":"https:\/\/www.jornalcontato.com.br\/home\/index.php\/wp-json\/wp\/v2\/tags?post=10053"}],"curies":[{"name":"wp","href":"https:\/\/api.w.org\/{rel}","templated":true}]}}